{"id":3668,"date":"2025-04-10T17:44:18","date_gmt":"2025-04-10T15:44:18","guid":{"rendered":"https:\/\/floracion.es\/?p=3668"},"modified":"2025-04-10T17:52:06","modified_gmt":"2025-04-10T15:52:06","slug":"mendieva-celebra-la-cuarta-edicion-de-la-fiesta-de-la-floracion-del-endrino-con-un-amplio-programa-de-actividades","status":"publish","type":"post","link":"https:\/\/floracion.es\/en\/mendieva-celebrates-the-fourth-edition-of-the-blackthorn-blossom-festival-with-a-wide-ranging-program-of-activities\/","title":{"rendered":"Mendieva celebrates the fourth edition of the Blackthorn Blossom Festival with a wide-ranging program of activities"},"content":{"rendered":"<div data-elementor-type=\"wp-post\" data-elementor-id=\"3668\" class=\"elementor elementor-3668\" data-elementor-post-type=\"post\">\n\t\t\t\t<div data-particle_enable=\"false\" data-particle-mobile-disabled=\"false\" class=\"elementor-element elementor-element-65d5c3d4 e-flex e-con-boxed e-con e-parent\" data-id=\"65d5c3d4\" data-element_type=\"container\" data-settings=\"{&quot;jet_parallax_layout_list&quot;:[]}\">\n\t\t\t\t\t<div class=\"e-con-inner\">\n\t\t\t\t<div class=\"elementor-element elementor-element-2e540261 elementor-widget elementor-widget-text-editor\" data-id=\"2e540261\" data-element_type=\"widget\" data-widget_type=\"text-editor.default\">\n\t\t\t\t<div class=\"elementor-widget-container\">\n\t\t\t\t\t\t\t\t\t<p>The Pachar\u00e1n Navarro Geographical Indication, under the Reyno Gourmet seal of quality managed by INTIA, celebrated the fourth edition of the &quot;Sloe Blossom&quot; festival in Mendavia. At this fourth edition, the Pachar\u00e1n Navarro Geographical Indication wanted to pay tribute to three individuals who have actively contributed to the development and growth of Pachar\u00e1n Navarro.<\/p>\n<p>The event was attended by the Minister of Rural Development and Environment of the Government of Navarra, Jos\u00e9 Mar\u00eda Aierdi, along with the president of the IG Pachar\u00e1n Navarro,<br>Adrian Subia, and the mayor of Mendavia, Maria Jose Verano.<\/p>\n<p>During the event, a tribute was paid to Ignacio Guembe, who was director of the Agricultural Holdings and Agri-Food Development Service of the Department of Rural Development and Environment of the Government of Navarre until last October, and who served as the Government of Navarre&#039;s representative on the Pachar\u00e1n Navarro Regulatory Council for the past few years. Also recognized were Itziar Inza, who served as secretary of the Pachar\u00e1n Navarro Regulatory Council for the past six years until her retirement in June 2024; and Dar\u00edo Prados, a producer from Sesma, who has dedicated a large part of his life to the production of Pachar\u00e1n Navarro.<\/p>\n<p>During the event, the Minister of Rural Development and Environment of the Government of<br>Navarra, Jos\u00e9 Mar\u00eda Aierdi, stated that \u201cthe Pachar\u00e1n Navarro is a symbol of identity<br>&quot;of our land and the tenacity of our farmers who learned to cultivate blackthorn and not just harvest its wild fruits. In fact, Navarre is the only place in Europe where this shrub is cultivated.&quot; In this regard, Aierdi highlighted the work of the Pachar\u00e1n de Navarra GI and congratulated the honorees.<\/p>\n<p>A complete program of activities<\/p>\n<p>Following the success of the first three editions held in Sesma (2022), Mu\u00e9s (2023), and Peralta\/Azkoien (2024), the IG Pachar\u00e1n Navarro celebrates the moment when the buds that will eventually blossom begin to appear. And it does so with a packed program of events between yesterday, Friday, and today, Saturday, centered around Pachar\u00e1n Navarro and the blackthorn blossom.<\/p>\n<p>Among the events were a market with companies that have been awarded the Pachar\u00e1n Navarro GI (Gender-Based Product); a popular tasting of Reyno Gourmet pintxos by Txomin Parrilla; a concert by Mendavia artist Mon Dvy; Pachar\u00e1n Navarro tasting workshops; and a &quot;Minus Five&quot; competition in Mendavia bars, in collaboration with the La Carrera Youth Association.<\/p>\n<p>The Pachar\u00e1n Navarro Geographical Indication is attached to &#039;Spain in Bloom&#039;, a project that collaborates in the &#039;Sloe Bloom&#039; festival and aims to create a network with the<br>different actors and promote the unique blooms of each autonomous community with tourist activities.<\/p>\n<p><\/p>\n<p><!-- \/wp:paragraph --><\/p>\n<p><!-- wp:paragraph --><\/p>\n<p><!-- \/wp:paragraph --><\/p>\t\t\t\t\t\t\t\t<\/div>\n\t\t\t\t<\/div>\n\t\t\t\t\t<\/div>\n\t\t\t\t<\/div>\n\t\t\t\t<\/div>","protected":false},"excerpt":{"rendered":"<p>The Pachar\u00e1n Navarro Geographical Indication, under the Reyno Gourmet seal of quality managed by INTIA, celebrated the fourth edition of the &quot;Sloe Blossom&quot; festival in Mendavia. At this fourth edition, the Pachar\u00e1n Navarro Geographical Indication wanted to pay tribute to three individuals who have actively contributed to the development and growth of Pachar\u00e1n Navarro. In [\u2026]<\/p>","protected":false},"author":6,"featured_media":3669,"comment_status":"open","ping_status":"open","sticky":false,"template":"","format":"standard","meta":{"footnotes":""},"categories":[1],"tags":[],"class_list":["post-3668","post","type-post","status-publish","format-standard","has-post-thumbnail","hentry","category-floracion-en-espana"],"_links":{"self":[{"href":"https:\/\/floracion.es\/en\/wp-json\/wp\/v2\/posts\/3668","targetHints":{"allow":["GET"]}}],"collection":[{"href":"https:\/\/floracion.es\/en\/wp-json\/wp\/v2\/posts"}],"about":[{"href":"https:\/\/floracion.es\/en\/wp-json\/wp\/v2\/types\/post"}],"author":[{"embeddable":true,"href":"https:\/\/floracion.es\/en\/wp-json\/wp\/v2\/users\/6"}],"replies":[{"embeddable":true,"href":"https:\/\/floracion.es\/en\/wp-json\/wp\/v2\/comments?post=3668"}],"version-history":[{"count":4,"href":"https:\/\/floracion.es\/en\/wp-json\/wp\/v2\/posts\/3668\/revisions"}],"predecessor-version":[{"id":3673,"href":"https:\/\/floracion.es\/en\/wp-json\/wp\/v2\/posts\/3668\/revisions\/3673"}],"wp:featuredmedia":[{"embeddable":true,"href":"https:\/\/floracion.es\/en\/wp-json\/wp\/v2\/media\/3669"}],"wp:attachment":[{"href":"https:\/\/floracion.es\/en\/wp-json\/wp\/v2\/media?parent=3668"}],"wp:term":[{"taxonomy":"category","embeddable":true,"href":"https:\/\/floracion.es\/en\/wp-json\/wp\/v2\/categories?post=3668"},{"taxonomy":"post_tag","embeddable":true,"href":"https:\/\/floracion.es\/en\/wp-json\/wp\/v2\/tags?post=3668"}],"curies":[{"name":"wp","href":"https:\/\/api.w.org\/{rel}","templated":true}]}}