{"id":2831,"date":"2024-03-20T09:56:34","date_gmt":"2024-03-20T08:56:34","guid":{"rendered":"https:\/\/floracion.es\/?p=2831"},"modified":"2024-03-20T09:57:20","modified_gmt":"2024-03-20T08:57:20","slug":"la-fiesta-de-la-floracion-del-endrino-del-pacharan-navarro-acoge-el-tour-colores-y-sabores-de-espana","status":"publish","type":"post","link":"https:\/\/floracion.es\/en\/the-pacharan-navarrese-blackthorn-blossom-festival-hosts-the-colors-and-flavors-of-spain-tour\/","title":{"rendered":"The Pachar\u00e1n Navarro Blackthorn Blossom Festival hosts the &#039;Colours and Flavours of Spain Tour&#039;"},"content":{"rendered":"<div data-elementor-type=\"wp-post\" data-elementor-id=\"2831\" class=\"elementor elementor-2831\" data-elementor-post-type=\"post\">\n\t\t\t\t<div data-particle_enable=\"false\" data-particle-mobile-disabled=\"false\" class=\"elementor-element elementor-element-d08fc90 e-flex e-con-boxed e-con e-parent\" data-id=\"d08fc90\" data-element_type=\"container\" data-settings=\"{&quot;jet_parallax_layout_list&quot;:[]}\">\n\t\t\t\t\t<div class=\"e-con-inner\">\n\t\t\t\t<div class=\"elementor-element elementor-element-cef1a38 elementor-widget elementor-widget-text-editor\" data-id=\"cef1a38\" data-element_type=\"widget\" data-widget_type=\"text-editor.default\">\n\t\t\t\t<div class=\"elementor-widget-container\">\n\t\t\t\t\t\t\t\t\t<ul><li style=\"font-weight: 400;\" aria-level=\"1\"><span style=\"font-weight: 400;\">The Navarrese town of<\/span><b> Peralta <\/b><span style=\"font-weight: 400;\">will host the Festival with a complete programme of activities, organised by the <\/span><b>IG Pachar\u00e1n Navarro<\/b><span style=\"font-weight: 400;\">, between the days <\/span><b>March 22 and 23<\/b><span style=\"font-weight: 400;\">.<br \/><br \/><\/span><\/li><li style=\"font-weight: 400;\" aria-level=\"1\"><span style=\"font-weight: 400;\">The inauguration of the<\/span> <span style=\"font-weight: 400;\">The Itinerant Interpretation Centre Spain in Bloom, the concert of the indie group Lucky Duckes or a pastry contest and tasting with Navarrese pachar\u00e1n, will be some of the activities. The programme can be consulted at www.floracion.es\/floracion-del-pacharan-navarro\/\u00a0<\/span><\/li><\/ul><p>\u00a0<\/p><p><b>18-3-2024.- <\/b><span style=\"font-weight: 400;\">The town of Peralta will become the capital of Pachar\u00e1n Navarro between the 22nd and 23rd of March. The Endrino Flowering Festival celebrates a new edition with the aim of highlighting the beauty of its flowering landscapes and the quality of Pachar\u00e1n Navarro.\u00a0<\/span><\/p><p><span style=\"font-weight: 400;\">It has a programme of activities that combine gastronomy, photography and music. This edition will feature the participation of the Colours and Flavours of Spain Tour, an initiative framed within the agrotourism project &#039;Experience Spain in Bloom&#039; (<\/span><a href=\"https:\/\/floracion.es\/en\/\"><span style=\"font-weight: 400;\">www.floracion.es<\/span><\/a><span style=\"font-weight: 400;\">), selected by the Ministry of Industry, Trade and Tourism as one of the most innovative experiences in the country with European funds from the Recovery, Transformation and Resilience Plan. Its main objective is to try to promote the country&#039;s flowering plants as a tourist attraction and the quality of its agri-food products and the IGP Pachar\u00e1n Navarro (www.pacharannavarro.org) is attached to the project.<\/span><\/p><p><span style=\"font-weight: 400;\">The events will begin on Friday, March 22 at the Casa de Cultura in Peralta. At 5:30 p.m. the presentation of dishes from the 1st Pachar\u00e1n Navarro Pastry Competition will take place, organized in collaboration with the Women&#039;s Association of Piedra Alta. The results of the competition will be announced at 7 p.m.<\/span><\/p><p><span style=\"font-weight: 400;\">At 18:30, the inauguration of the Travelling Interpretation Centre of Spain in Bloom will take place, where, with educational material in different formats, the different flowering periods in Spain will be made known, including the flowering of the blackthorn. An initiative that will tour the different territories of the country that promote the flowering of their crops.<\/span><\/p><p><span style=\"font-weight: 400;\">The activities of this first day will end at 7:30 p.m. with the celebration of a Participatory Tasting Workshop of Pachar\u00e1n Navarro. Those interested can register at <\/span><a href=\"mailto:turismo@aytoperalta.com\"><span style=\"font-weight: 400;\">tourism@aytoperalta.com<\/span><\/a><\/p><p><b>Concert and photography contest<\/b><\/p><p><span style=\"font-weight: 400;\">On Saturday, March 23, after touring the flowering fields of sloes that will be recorded in 3D and drone for the project &#039;Experiencia Espa\u00f1a en Floraci\u00f3n&#039;, at 11 a.m. the recognition of the new generation of young people who have joined the IG production and processing sector will take place.<\/span><span style=\"font-weight: 400;\">P<\/span><span style=\"font-weight: 400;\"> Pacharan.<\/span><\/p><p><span style=\"font-weight: 400;\">At 12.30 pm it will be the turn of music with the Murcian indie group L\u00fccky D\u00fckes (<\/span><a href=\"http:\/\/www.luckyduckes.es\" target=\"_blank\" rel=\"noopener\"><span style=\"font-weight: 400;\">www.luckyduckes.es<\/span><\/a><span style=\"font-weight: 400;\">), creator of the song &#039;Floraci\u00f3n&#039; which is the soundtrack of the &#039;Colors and Flavors of Spain&#039; campaign that starts in Peralta. The concert will take place in the Main Square of Peralta where there will also be an exhibition and market of the companies adhering to the IG<\/span><span style=\"font-weight: 400;\">P<\/span><span style=\"font-weight: 400;\"> Pachar\u00e1n Navarro ending the day with a Reyno Gourmet Pinchos Tasting by Txomin Parrilla.<\/span><\/p><p><span style=\"font-weight: 400;\">In the bars and restaurants of Peralta, the popular cocktail with Navarrese pachar\u00e1n called butanito can be ordered during the days of the Festival. In addition, among all those who send photographs of the blackthorn blossom or of the activities that take place during the Festival to the website <\/span><a href=\"https:\/\/floracion.es\/en\/\"><span style=\"font-weight: 400;\">www.floracion.es<\/span><\/a><span style=\"font-weight: 400;\"> will be entered into the draw for Spain in Bloom t-shirts and sweatshirts.<\/span><\/p><p><span style=\"font-weight: 400;\">The 2024 Blackthorn Festival is organised by the IG Pachar\u00e1n Navarro in collaboration with the Peralta Town Council, Spain in Bloom, the European Agricultural Fund for Rural Development and Reyno Gourmet.<\/span><\/p>\t\t\t\t\t\t\t\t<\/div>\n\t\t\t\t<\/div>\n\t\t\t\t\t<\/div>\n\t\t\t\t<\/div>\n\t\t\t\t<\/div>","protected":false},"excerpt":{"rendered":"<p>The Navarrese town of Peralta will host the Festival with a complete programme of activities, organised by the IG Pachar\u00e1n Navarro, between 22 and 23 March. The inauguration of the Travelling Interpretation Centre Espa\u00f1a en Floraci\u00f3n, the concert by the indie group Lucky Duckes or a pastry competition and tasting with pachar\u00e1n navarro, [\u2026]<\/p>","protected":false},"author":6,"featured_media":2832,"comment_status":"open","ping_status":"open","sticky":false,"template":"","format":"standard","meta":{"footnotes":""},"categories":[1],"tags":[],"class_list":["post-2831","post","type-post","status-publish","format-standard","has-post-thumbnail","hentry","category-floracion-en-espana"],"_links":{"self":[{"href":"https:\/\/floracion.es\/en\/wp-json\/wp\/v2\/posts\/2831","targetHints":{"allow":["GET"]}}],"collection":[{"href":"https:\/\/floracion.es\/en\/wp-json\/wp\/v2\/posts"}],"about":[{"href":"https:\/\/floracion.es\/en\/wp-json\/wp\/v2\/types\/post"}],"author":[{"embeddable":true,"href":"https:\/\/floracion.es\/en\/wp-json\/wp\/v2\/users\/6"}],"replies":[{"embeddable":true,"href":"https:\/\/floracion.es\/en\/wp-json\/wp\/v2\/comments?post=2831"}],"version-history":[{"count":4,"href":"https:\/\/floracion.es\/en\/wp-json\/wp\/v2\/posts\/2831\/revisions"}],"predecessor-version":[{"id":2836,"href":"https:\/\/floracion.es\/en\/wp-json\/wp\/v2\/posts\/2831\/revisions\/2836"}],"wp:featuredmedia":[{"embeddable":true,"href":"https:\/\/floracion.es\/en\/wp-json\/wp\/v2\/media\/2832"}],"wp:attachment":[{"href":"https:\/\/floracion.es\/en\/wp-json\/wp\/v2\/media?parent=2831"}],"wp:term":[{"taxonomy":"category","embeddable":true,"href":"https:\/\/floracion.es\/en\/wp-json\/wp\/v2\/categories?post=2831"},{"taxonomy":"post_tag","embeddable":true,"href":"https:\/\/floracion.es\/en\/wp-json\/wp\/v2\/tags?post=2831"}],"curies":[{"name":"wp","href":"https:\/\/api.w.org\/{rel}","templated":true}]}}