{"id":1582,"date":"2023-02-10T10:02:32","date_gmt":"2023-02-10T09:02:32","guid":{"rendered":"https:\/\/floracion.es\/?p=1582"},"modified":"2023-07-03T10:54:41","modified_gmt":"2023-07-03T08:54:41","slug":"la-carcel-vieja-de-murcia-sirve-de-escenario-par-la-presentacion-de-floracion-de-cieza-2023","status":"publish","type":"post","link":"https:\/\/floracion.es\/en\/the-old-prison-in-murcia-serves-as-the-setting-for-the-presentation-of-ciezas-2023-flowering-season\/","title":{"rendered":"The Old Prison of Murcia serves as the stage for the presentation of Floraci\u00f3n de Cieza 2023"},"content":{"rendered":"<div data-elementor-type=\"wp-post\" data-elementor-id=\"1582\" class=\"elementor elementor-1582\" data-elementor-post-type=\"post\">\n\t\t\t\t\t\t<section data-particle_enable=\"false\" data-particle-mobile-disabled=\"false\" class=\"elementor-section elementor-top-section elementor-element elementor-element-0d157a9 elementor-section-boxed elementor-section-height-default elementor-section-height-default\" data-id=\"0d157a9\" data-element_type=\"section\" data-settings=\"{&quot;jet_parallax_layout_list&quot;:[]}\">\n\t\t\t\t\t\t<div class=\"elementor-container elementor-column-gap-default\">\n\t\t\t\t\t<div class=\"elementor-column elementor-col-100 elementor-top-column elementor-element elementor-element-bf896e1\" data-id=\"bf896e1\" data-element_type=\"column\">\n\t\t\t<div class=\"elementor-widget-wrap elementor-element-populated\">\n\t\t\t\t\t\t<div class=\"elementor-element elementor-element-048db0a elementor-widget elementor-widget-text-editor\" data-id=\"048db0a\" data-element_type=\"widget\" data-widget_type=\"text-editor.default\">\n\t\t\t\t<div class=\"elementor-widget-container\">\n\t\t\t\t\t\t\t\t\t<blockquote>\n<h2>The presentation of the tourist programme that will bring a month full of emotions and activities to Cieza took place in the emblematic C\u00e1rcel Vieja de Murcia.<\/h2>\n<\/blockquote>\nWith the arrival of spring, the fields of Cieza come alive with the opening of the flowers on their fruits, and with them comes the return of \u201cFloraci\u00f3n\u201d, the outstanding tourist programme of the Cieza City Council which last year attracted 80,000 people to the town. The seventh edition of the \u201cFloraci\u00f3n International Tourist Plan\u201d was presented at the event, which will take place from 24 February to 19 March. During this period, visitors will be able to enjoy numerous activities related to nature, gastronomy, heritage, performing arts and sport, forming the various petals of \u201cFloraci\u00f3n\u201d. The presentation was attended by Pascual Lucas and Jos\u00e9 Antonio Serrano, mayors of Cieza and Murcia respectively, as well as Juan Francisco Mart\u00ednez, general director of Tourism, Antonio Moya, councillor for Tourism, Mar\u00eda Jes\u00fas L\u00f3pez, councillor for Commerce, Conchi Villa, responsible for Culture, and Antonio Semitiel, councillor for Sports. This natural spectacle called \u201cFlowering\u201d attracts thousands of visitors every year, which is why the plan to promote this unique explosion of colour in the world is called \u201cinternational\u201d. It is an experience that can only be experienced in the fields of Cieza, where millions of flowers flood the landscape. In addition to being a tourist attraction, it is also an outstanding cultural and gastronomic event. \u201cIt is a project that values the result of the hard work of the Ciezan farmers, who, after cultivating the fields of fruit trees, are the true architects of this unique landscape that only flowering can create, and which allows us to enjoy the stone fruit of Cieza,\u201d Moya emphasised. For his part, Pascual Lucas, mayor of Cieza, highlighted the commitment of the municipal government to the growth of this project and to all the sectors involved, including farmers, tourist companies, the commercial sector, the hotel sector and, of course, tourists from Murcia, Spain and the rest of the world, so that everyone can see the wonders that the town offers. In this seventh edition, \u00abFloraci\u00f3n\u00bb is accompanied by numerous activities, each framed in one of the petals that make up the program. The Performing Arts and the \u00abFlor Cieza Festival\u00bb stand out as protagonists, but the program is also extensive in the petals of Nature, Heritage, Sports and Gastronomy. The gala was enlivened by several musical performances by the Ciezan group Lucky Duckes, giving a special touch to the occasion.\n\n<iframe width=\"560\" height=\"315\" src=\"https:\/\/www.youtube.com\/embed\/dIBd2_50lX8\" title=\"YouTube video player\" frameborder=\"0\" allow=\"accelerometer; autoplay; clipboard-write; encrypted-media; gyroscope; picture-in-picture; web-share\" allowfullscreen><\/iframe>\n\nYou can check the complete schedule for Floraci\u00f3n de Cieza 2023 at the following link: <a href=\"https:\/\/floracion.es\/wp-content\/uploads\/2023\/07\/programacin_floracin-2023.pdf\">Complete program for the flowering of Cieza 2023<\/a>\t\t\t\t\t\t\t\t<\/div>\n\t\t\t\t<\/div>\n\t\t\t\t\t<\/div>\n\t\t<\/div>\n\t\t\t\t\t<\/div>\n\t\t<\/section>\n\t\t\t\t<\/div>","protected":false},"excerpt":{"rendered":"<p>The presentation of the tourist programme that will bring a month full of emotions and activities to Cieza took place in the emblematic C\u00e1rcel Vieja de Murcia. With the arrival of spring, the fields of Cieza come alive with the opening of the flowers on their fruits, and with them comes \u201cFloraci\u00f3n\u201d, the outstanding tourist programme [\u2026]<\/p>","protected":false},"author":6,"featured_media":1583,"comment_status":"open","ping_status":"open","sticky":false,"template":"","format":"standard","meta":{"footnotes":""},"categories":[1],"tags":[],"class_list":["post-1582","post","type-post","status-publish","format-standard","has-post-thumbnail","hentry","category-floracion-en-espana"],"_links":{"self":[{"href":"https:\/\/floracion.es\/en\/wp-json\/wp\/v2\/posts\/1582","targetHints":{"allow":["GET"]}}],"collection":[{"href":"https:\/\/floracion.es\/en\/wp-json\/wp\/v2\/posts"}],"about":[{"href":"https:\/\/floracion.es\/en\/wp-json\/wp\/v2\/types\/post"}],"author":[{"embeddable":true,"href":"https:\/\/floracion.es\/en\/wp-json\/wp\/v2\/users\/6"}],"replies":[{"embeddable":true,"href":"https:\/\/floracion.es\/en\/wp-json\/wp\/v2\/comments?post=1582"}],"version-history":[{"count":13,"href":"https:\/\/floracion.es\/en\/wp-json\/wp\/v2\/posts\/1582\/revisions"}],"predecessor-version":[{"id":1600,"href":"https:\/\/floracion.es\/en\/wp-json\/wp\/v2\/posts\/1582\/revisions\/1600"}],"wp:featuredmedia":[{"embeddable":true,"href":"https:\/\/floracion.es\/en\/wp-json\/wp\/v2\/media\/1583"}],"wp:attachment":[{"href":"https:\/\/floracion.es\/en\/wp-json\/wp\/v2\/media?parent=1582"}],"wp:term":[{"taxonomy":"category","embeddable":true,"href":"https:\/\/floracion.es\/en\/wp-json\/wp\/v2\/categories?post=1582"},{"taxonomy":"post_tag","embeddable":true,"href":"https:\/\/floracion.es\/en\/wp-json\/wp\/v2\/tags?post=1582"}],"curies":[{"name":"wp","href":"https:\/\/api.w.org\/{rel}","templated":true}]}}