{"id":1468,"date":"2023-03-07T11:21:00","date_gmt":"2023-03-07T10:21:00","guid":{"rendered":"https:\/\/floracion.es\/?p=1468"},"modified":"2023-11-27T14:06:21","modified_gmt":"2023-11-27T13:06:21","slug":"la-fregeneda-recupera-el-dia-del-almendro-con-la-potenciacion-de-los-recursos-de-la-zona","status":"publish","type":"post","link":"https:\/\/floracion.es\/en\/la-fregeneda-recovers-the-almond-day-by-enhancing-the-areas-resources\/","title":{"rendered":"La Fregeneda recovers the Almond Day by promoting the resources of the area"},"content":{"rendered":"<div data-elementor-type=\"wp-post\" data-elementor-id=\"1468\" class=\"elementor elementor-1468\" data-elementor-post-type=\"post\">\n\t\t\t\t\t\t<section data-particle_enable=\"false\" data-particle-mobile-disabled=\"false\" class=\"elementor-section elementor-top-section elementor-element elementor-element-ee88862 elementor-section-boxed elementor-section-height-default elementor-section-height-default\" data-id=\"ee88862\" data-element_type=\"section\" data-settings=\"{&quot;jet_parallax_layout_list&quot;:[]}\">\n\t\t\t\t\t\t<div class=\"elementor-container elementor-column-gap-default\">\n\t\t\t\t\t<div class=\"elementor-column elementor-col-100 elementor-top-column elementor-element elementor-element-7a8d37b\" data-id=\"7a8d37b\" data-element_type=\"column\">\n\t\t\t<div class=\"elementor-widget-wrap elementor-element-populated\">\n\t\t\t\t\t\t<div class=\"elementor-element elementor-element-2b31c77 elementor-widget elementor-widget-text-editor\" data-id=\"2b31c77\" data-element_type=\"widget\" data-widget_type=\"text-editor.default\">\n\t\t\t\t<div class=\"elementor-widget-container\">\n\t\t\t\t\t\t\t\t\t<blockquote><h2>The 2nd Eco-natural Fair and the honoree \u00c1ngel Santano were the stars of the festive day.<\/h2><\/blockquote><p dir=\"ltr\" style=\"line-height: 1.38; margin-top: 0pt; margin-bottom: 0pt;\">\u00a0<\/p>\t\t\t\t\t\t\t\t<\/div>\n\t\t\t\t<\/div>\n\t\t\t\t<div class=\"elementor-element elementor-element-3512ebd elementor-widget elementor-widget-text-editor\" data-id=\"3512ebd\" data-element_type=\"widget\" data-widget_type=\"text-editor.default\">\n\t\t\t\t<div class=\"elementor-widget-container\">\n\t\t\t\t\t\t\t\t\t<p>The 59th edition of the Almond Festival in La Fregeneda had three main characters this Sunday: the memory of \u00c1ngel Santano Juanes, a teacher from the town and poet of the almond trees in bloom, who recently passed away; the herald of this edition, Justo Manzano Rodr\u00edguez, from Asturias but with roots in Fregeneda; and the incessant rain all morning accompanied by cold, which is not very common in La Fregeneda.<\/p><p>In this way, another edition of the exaltation of the almond tree took place in La Fregeneda, a day in which the II ecoNatutal Fair was also held with thirty exhibitors among which there was no shortage of cheeses from the Arribes, wines and liquors, oil, sausages, sweets and craft products.<\/p>\t\t\t\t\t\t\t\t<\/div>\n\t\t\t\t<\/div>\n\t\t\t\t\t<\/div>\n\t\t<\/div>\n\t\t\t\t\t<\/div>\n\t\t<\/section>\n\t\t\t\t<section data-particle_enable=\"false\" data-particle-mobile-disabled=\"false\" class=\"elementor-section elementor-top-section elementor-element elementor-element-ca7440a elementor-section-boxed elementor-section-height-default elementor-section-height-default\" data-id=\"ca7440a\" data-element_type=\"section\" data-settings=\"{&quot;jet_parallax_layout_list&quot;:[]}\">\n\t\t\t\t\t\t<div class=\"elementor-container elementor-column-gap-default\">\n\t\t\t\t\t<div class=\"elementor-column elementor-col-100 elementor-top-column elementor-element elementor-element-d31b927\" data-id=\"d31b927\" data-element_type=\"column\">\n\t\t\t<div class=\"elementor-widget-wrap elementor-element-populated\">\n\t\t\t\t\t\t<div class=\"elementor-element elementor-element-79252a8 elementor-widget elementor-widget-text-editor\" data-id=\"79252a8\" data-element_type=\"widget\" data-widget_type=\"text-editor.default\">\n\t\t\t\t<div class=\"elementor-widget-container\">\n\t\t\t\t\t\t\t\t\t<p>The 59th edition of the Almond Festival in La Fregeneda had three main characters this Sunday: the memory of \u00c1ngel Santano Juanes, a teacher from the town and poet of the almond trees in bloom, who recently passed away; the herald of this edition, Justo Manzano Rodr\u00edguez, from Asturias but with roots in Fregeneda; and the incessant rain all morning accompanied by cold, which is not very common in La Fregeneda.<\/p><p>In this way, another edition of the exaltation of the almond tree took place in La Fregeneda, a day in which the II ecoNatutal Fair was also held with thirty exhibitors among which there was no shortage of cheeses from the Arribes, wines and liquors, oil, sausages, sweets and craft products.<\/p>\t\t\t\t\t\t\t\t<\/div>\n\t\t\t\t<\/div>\n\t\t\t\t\t<\/div>\n\t\t<\/div>\n\t\t\t\t\t<\/div>\n\t\t<\/section>\n\t\t<div data-particle_enable=\"false\" data-particle-mobile-disabled=\"false\" class=\"elementor-element elementor-element-967e737 e-flex e-con-boxed e-con e-parent\" data-id=\"967e737\" data-element_type=\"container\" data-settings=\"{&quot;jet_parallax_layout_list&quot;:[]}\">\n\t\t\t\t\t<div class=\"e-con-inner\">\n\t\t\t\t<div class=\"elementor-element elementor-element-bad0dc3 elementor-widget elementor-widget-text-editor\" data-id=\"bad0dc3\" data-element_type=\"widget\" data-widget_type=\"text-editor.default\">\n\t\t\t\t<div class=\"elementor-widget-container\">\n\t\t\t\t\t\t\t\t\t<p>After the symbolic planting of an almond tree in the Plaza de La Fregeneda, in which the President of the Provincial Council, Javier Iglesias, the Subdelegate of the Government, Encarnaci\u00f3n P\u00e9rez, the President of the Chamber of Figueira de Castelo Rodrigo, Carlos Condesso, and the Mayor of La Fregeneda, Manuel Alonso, participated, in addition to the town crier, Justo Manzano, spoke. In addition to paying tribute to \u00c1ngel Santano Juanes by reading some of his verses, he recalled his childhood holidays in La Fregeneda, arriving by carriage from the train station in Valdegonera, the town where his father was born before moving to Asturias (see the full speech on video).<\/p><p>After his speech, the mayor of the town presented him with a plaque in memory of this day as the herald of the Almond Festival, and continued with the presentation of a stone plaque to the son of \u00c1ngel Santano.<\/p><p>In the series of speeches, the mayor first thanked all the authorities for their presence at this new edition of the Almendro festival, among whom were the colonel in charge of the Matac\u00e1n air base, the lieutenant colonel of the Salamanca Civil Guard Command, the colonel subdelegate for Defence in Salamanca, the PSOE attorney, Rosa Rubio, and several provincial deputies, both from the Government team and from the socialist and Cs groups, in addition to the unaffiliated mayor of Hinojosa.<\/p><p>Javier Iglesias, for his part, described it as an \u201chonour\u201d to attend La Fregeneda\u2019s festival dedicated to the almond tree, but above all \u201cto work from distant offices in Salamanca so that La Fregeneda and Las Arribes del Duero have a future\u201d. Similarly, Encarnaci\u00f3n P\u00e9rez highlighted the work being carried out jointly with Portugal in defence of the rural environment to stop the problem of depopulation affecting both sides of La Raya (video of the interventions).<\/p><p>On the other hand, and despite the rain, a dozen artists participated in the open-air painting competition promoted by Adezos, in collaboration with the City Council, &#039;Almendros Vivos&#039;, a competition that would have the winner as the Asturian Montserrat Valera. The second prize went to the Salamanca-born Juan Francisco Huidobro Mateos, and the third to Diego Manuel Fern\u00e1ndez Gonz\u00e1lez, from Gij\u00f3n.<\/p>\t\t\t\t\t\t\t\t<\/div>\n\t\t\t\t<\/div>\n\t\t\t\t\t<\/div>\n\t\t\t\t<\/div>\n\t\t<div data-particle_enable=\"false\" data-particle-mobile-disabled=\"false\" class=\"elementor-element elementor-element-86d7af3 e-flex e-con-boxed e-con e-parent\" data-id=\"86d7af3\" data-element_type=\"container\" data-settings=\"{&quot;jet_parallax_layout_list&quot;:[]}\">\n\t\t\t\t\t<div class=\"e-con-inner\">\n\t\t\t\t\t<\/div>\n\t\t\t\t<\/div>\n\t\t<div data-particle_enable=\"false\" data-particle-mobile-disabled=\"false\" class=\"elementor-element elementor-element-bc8a89f e-flex e-con-boxed e-con e-parent\" data-id=\"bc8a89f\" data-element_type=\"container\" data-settings=\"{&quot;jet_parallax_layout_list&quot;:[]}\">\n\t\t\t\t\t<div class=\"e-con-inner\">\n\t\t\t\t<div class=\"elementor-element elementor-element-69bae50 elementor-widget elementor-widget-image\" data-id=\"69bae50\" data-element_type=\"widget\" data-widget_type=\"image.default\">\n\t\t\t\t<div class=\"elementor-widget-container\">\n\t\t\t\t\t\t\t\t\t\t\t\t\t\t\t<img fetchpriority=\"high\" decoding=\"async\" width=\"800\" height=\"492\" src=\"https:\/\/floracion.es\/wp-content\/uploads\/2023\/03\/IMG_2162_230305181609-e1701090243999.jpg\" class=\"attachment-large size-large wp-image-1817\" alt=\"\" srcset=\"https:\/\/floracion.es\/wp-content\/uploads\/2023\/03\/IMG_2162_230305181609-e1701090243999.jpg 800w, https:\/\/floracion.es\/wp-content\/uploads\/2023\/03\/IMG_2162_230305181609-e1701090243999-300x185.jpg 300w, https:\/\/floracion.es\/wp-content\/uploads\/2023\/03\/IMG_2162_230305181609-e1701090243999-768x472.jpg 768w\" sizes=\"(max-width: 800px) 100vw, 800px\" \/>\t\t\t\t\t\t\t\t\t\t\t\t\t\t\t<\/div>\n\t\t\t\t<\/div>\n\t\t\t\t\t<\/div>\n\t\t\t\t<\/div>\n\t\t\t\t<\/div>","protected":false},"excerpt":{"rendered":"<p>The 2nd Eco-natural Fair and the honoured \u00c1ngel Santano were the stars of the festive day. The 59th edition of the Almond Festival in La Fregeneda had three protagonists this Sunday, the memory of \u00c1ngel Santano Juanes, a teacher from the town and poet of the almond trees in bloom, who recently passed away; the town crier [\u2026]<\/p>","protected":false},"author":6,"featured_media":1469,"comment_status":"open","ping_status":"open","sticky":false,"template":"","format":"standard","meta":{"footnotes":""},"categories":[1],"tags":[],"class_list":["post-1468","post","type-post","status-publish","format-standard","has-post-thumbnail","hentry","category-floracion-en-espana"],"_links":{"self":[{"href":"https:\/\/floracion.es\/en\/wp-json\/wp\/v2\/posts\/1468","targetHints":{"allow":["GET"]}}],"collection":[{"href":"https:\/\/floracion.es\/en\/wp-json\/wp\/v2\/posts"}],"about":[{"href":"https:\/\/floracion.es\/en\/wp-json\/wp\/v2\/types\/post"}],"author":[{"embeddable":true,"href":"https:\/\/floracion.es\/en\/wp-json\/wp\/v2\/users\/6"}],"replies":[{"embeddable":true,"href":"https:\/\/floracion.es\/en\/wp-json\/wp\/v2\/comments?post=1468"}],"version-history":[{"count":7,"href":"https:\/\/floracion.es\/en\/wp-json\/wp\/v2\/posts\/1468\/revisions"}],"predecessor-version":[{"id":1820,"href":"https:\/\/floracion.es\/en\/wp-json\/wp\/v2\/posts\/1468\/revisions\/1820"}],"wp:featuredmedia":[{"embeddable":true,"href":"https:\/\/floracion.es\/en\/wp-json\/wp\/v2\/media\/1469"}],"wp:attachment":[{"href":"https:\/\/floracion.es\/en\/wp-json\/wp\/v2\/media?parent=1468"}],"wp:term":[{"taxonomy":"category","embeddable":true,"href":"https:\/\/floracion.es\/en\/wp-json\/wp\/v2\/categories?post=1468"},{"taxonomy":"post_tag","embeddable":true,"href":"https:\/\/floracion.es\/en\/wp-json\/wp\/v2\/tags?post=1468"}],"curies":[{"name":"wp","href":"https:\/\/api.w.org\/{rel}","templated":true}]}}