{"id":3796,"date":"2025-05-20T17:05:08","date_gmt":"2025-05-20T15:05:08","guid":{"rendered":"https:\/\/floracion.es\/?p=3796"},"modified":"2025-05-20T17:10:10","modified_gmt":"2025-05-20T15:10:10","slug":"las-ericas-tinen-de-color-trevinca-rutas-y-actividades-especiales-para-celebrar-su-floracion-en-mayo","status":"publish","type":"post","link":"https:\/\/floracion.es\/de\/die-reiher-haben-trevinca-farben-spezielle-routen-und-aktivitaten-um-ihre-blute-im-mai-zu-feiern\/","title":{"rendered":"Die Hemlocktannen f\u00e4rben Trevinca bunt: besondere Routen und Aktivit\u00e4ten zur Feier ihrer Bl\u00fcte im Mai."},"content":{"rendered":"<div data-elementor-type=\"wp-post\" data-elementor-id=\"3796\" class=\"elementor elementor-3796\" data-elementor-post-type=\"post\">\n\t\t\t\t<div data-particle_enable=\"false\" data-particle-mobile-disabled=\"false\" class=\"elementor-element elementor-element-65d5c3d4 e-flex e-con-boxed e-con e-parent\" data-id=\"65d5c3d4\" data-element_type=\"container\" data-settings=\"{&quot;jet_parallax_layout_list&quot;:[]}\">\n\t\t\t\t\t<div class=\"e-con-inner\">\n\t\t\t\t<div class=\"elementor-element elementor-element-2e540261 elementor-widget elementor-widget-text-editor\" data-id=\"2e540261\" data-element_type=\"widget\" data-widget_type=\"text-editor.default\">\n\t\t\t\t<div class=\"elementor-widget-container\">\n\t\t\t\t\t\t\t\t\t<p><strong>Trevinca bereitet sich auf einen der spektakul\u00e4rsten Momente des Jahres vor: die Bl\u00fcte der Hericas, <\/strong>ein Naturph\u00e4nomen, das die Hochgebirgslandschaft in ein Meer aus rosa und violetten Farbt\u00f6nen verwandelt. Aus diesem Grund beteiligt sich die Gemeinde am nationalen Programm <em data-start=\"554\" data-end=\"575\">Spanien in voller Bl\u00fcte<\/em> mit einer Reihe von Aktivit\u00e4ten, die Sie dazu einladen, die nat\u00fcrliche Umgebung durch Wandern, botanische Beobachtung und verantwortungsvollen Tourismus neu zu entdecken.<\/p>\n<p class=\"\" data-start=\"757\" data-end=\"922\">An den Wochenenden Ende Mai k\u00f6nnen Besucher und Einwohner Aktivit\u00e4ten genie\u00dfen, die darauf ausgerichtet sind, die Natur in all ihrer Pracht zu erleben:<\/p>\n<ul data-start=\"924\" data-end=\"1584\">\n<li class=\"\" data-start=\"924\" data-end=\"1268\">\n<p class=\"\" data-start=\"926\" data-end=\"1268\"><strong data-start=\"926\" data-end=\"947\">Samstag, 24. Mai<\/strong><br data-start=\"947\" data-end=\"950\" \/><em data-start=\"955\" data-end=\"996\">Route \u201eAs cores de Trevinca \u2013 Fr\u00fchling\u201c<\/em><br data-start=\"996\" data-end=\"999\" \/>Diese gef\u00fchrte Wanderung wird vom Bergsteigerclub Monta\u00f1as de Trevinca organisiert und f\u00fchrt Sie durch die ber\u00fchmtesten Pfade der Bergkette in voller Bl\u00fcte. Die Aktivit\u00e4t hat einen ausgepr\u00e4gten interpretierenden Charakter und verbindet Sport, Landschaft und Umweltwissen.<\/p>\n<\/li>\n<li class=\"\" data-start=\"1270\" data-end=\"1584\">\n<p class=\"\" data-start=\"1272\" data-end=\"1584\"><strong data-start=\"1272\" data-end=\"1293\">Samstag, 31. Mai<\/strong><br data-start=\"1293\" data-end=\"1296\" \/><em data-start=\"1301\" data-end=\"1351\">Konferenz \u201eDie Bl\u00fcte der Hemlocktannen in Trevinca\u201c<\/em><br data-start=\"1351\" data-end=\"1354\" \/>Dieser besondere Tag wird von Terras Altas de Trevinca gef\u00f6rdert und l\u00e4dt Sie ein, den \u00f6kologischen Reichtum der Umgebung mit Exkursionen, Vortr\u00e4gen und Sinneserlebnissen rund um diesen symboltr\u00e4chtigen Strauch der Region zu entdecken.<\/p>\n<\/li>\n<\/ul>\n<p class=\"\" data-start=\"1633\" data-end=\"1974\">Diese Aktivit\u00e4ten spiegeln das Engagement der Region f\u00fcr ein nachhaltiges Entwicklungsmodell wider, bei dem Natur, lokale Kultur und verantwortungsvoller Tourismus Hand in Hand gehen. Die Bl\u00fcte der Hemlocktannen ist nicht nur ein optisches Spektakel: Sie ist auch eine Gelegenheit, die l\u00e4ndliche Umgebung wiederzubeleben und die Artenvielfalt von Trevinca hervorzuheben.<\/p>\n<p class=\"\" data-start=\"1633\" data-end=\"1974\">Das vollst\u00e4ndige Programm finden Sie hier:<br data-start=\"2218\" data-end=\"2221\" \/><a class=\"\" href=\"https:\/\/floracion.es\/wp-content\/uploads\/2025\/05\/Programacion-de-actividades-Floracion-de-las-ericas-en-Trevinca.pdf\" target=\"_new\" rel=\"noopener\" data-start=\"2221\" data-end=\"2386\">\ud83d\udcc4 Laden Sie den Aktivit\u00e4tsplan herunter (PDF)<\/a><\/p>\n<p><!-- \/wp:paragraph --><\/p>\n<p><!-- wp:paragraph --><\/p>\n<p><!-- \/wp:paragraph --><\/p>\t\t\t\t\t\t\t\t<\/div>\n\t\t\t\t<\/div>\n\t\t\t\t\t<\/div>\n\t\t\t\t<\/div>\n\t\t\t\t<\/div>","protected":false},"excerpt":{"rendered":"<p>Trevinca bereitet sich auf einen der spektakul\u00e4rsten Momente des Jahres vor: die Bl\u00fcte der Hemlocktannen, ein Naturph\u00e4nomen, das die Hochgebirgslandschaft in ein Meer aus rosa und violetten Farbt\u00f6nen verwandelt. Zu diesem Anlass beteiligt sich die Gemeinde mit einer Reihe von Aktivit\u00e4ten am nationalen Programm \u201eSpanien in Bl\u00fcte\u201c, die [\u2026]<\/p>","protected":false},"author":6,"featured_media":3797,"comment_status":"open","ping_status":"open","sticky":false,"template":"","format":"standard","meta":{"footnotes":""},"categories":[1],"tags":[],"class_list":["post-3796","post","type-post","status-publish","format-standard","has-post-thumbnail","hentry","category-floracion-en-espana"],"_links":{"self":[{"href":"https:\/\/floracion.es\/de\/wp-json\/wp\/v2\/posts\/3796","targetHints":{"allow":["GET"]}}],"collection":[{"href":"https:\/\/floracion.es\/de\/wp-json\/wp\/v2\/posts"}],"about":[{"href":"https:\/\/floracion.es\/de\/wp-json\/wp\/v2\/types\/post"}],"author":[{"embeddable":true,"href":"https:\/\/floracion.es\/de\/wp-json\/wp\/v2\/users\/6"}],"replies":[{"embeddable":true,"href":"https:\/\/floracion.es\/de\/wp-json\/wp\/v2\/comments?post=3796"}],"version-history":[{"count":4,"href":"https:\/\/floracion.es\/de\/wp-json\/wp\/v2\/posts\/3796\/revisions"}],"predecessor-version":[{"id":3801,"href":"https:\/\/floracion.es\/de\/wp-json\/wp\/v2\/posts\/3796\/revisions\/3801"}],"wp:featuredmedia":[{"embeddable":true,"href":"https:\/\/floracion.es\/de\/wp-json\/wp\/v2\/media\/3797"}],"wp:attachment":[{"href":"https:\/\/floracion.es\/de\/wp-json\/wp\/v2\/media?parent=3796"}],"wp:term":[{"taxonomy":"category","embeddable":true,"href":"https:\/\/floracion.es\/de\/wp-json\/wp\/v2\/categories?post=3796"},{"taxonomy":"post_tag","embeddable":true,"href":"https:\/\/floracion.es\/de\/wp-json\/wp\/v2\/tags?post=3796"}],"curies":[{"name":"wp","href":"https:\/\/api.w.org\/{rel}","templated":true}]}}