{"id":3784,"date":"2025-05-15T17:39:52","date_gmt":"2025-05-15T15:39:52","guid":{"rendered":"https:\/\/floracion.es\/?p=3784"},"modified":"2025-06-23T17:55:28","modified_gmt":"2025-06-23T15:55:28","slug":"la-campana-de-promocion-de-espana-en-floracion-logra-mas-de-70-millones-de-impactos-en-solo-cuatro-meses","status":"publish","type":"post","link":"https:\/\/floracion.es\/de\/die-kampagne-spanien-in-blute-erreicht-in-nur-vier-monaten-mehr-als-70-millionen-aufrufe\/","title":{"rendered":"Die Kampagne \u201eSpanien in Bl\u00fcte\u201c erreicht in nur vier Monaten mehr als 70 Millionen Aufrufe."},"content":{"rendered":"<div data-elementor-type=\"wp-post\" data-elementor-id=\"3784\" class=\"elementor elementor-3784\" data-elementor-post-type=\"post\">\n\t\t\t\t<div data-particle_enable=\"false\" data-particle-mobile-disabled=\"false\" class=\"elementor-element elementor-element-65d5c3d4 e-flex e-con-boxed e-con e-parent\" data-id=\"65d5c3d4\" data-element_type=\"container\" data-settings=\"{&quot;jet_parallax_layout_list&quot;:[]}\">\n\t\t\t\t\t<div class=\"e-con-inner\">\n\t\t\t\t<div class=\"elementor-element elementor-element-2e540261 elementor-widget elementor-widget-text-editor\" data-id=\"2e540261\" data-element_type=\"widget\" data-widget_type=\"text-editor.default\">\n\t\t\t\t<div class=\"elementor-widget-container\">\n\t\t\t\t\t\t\t\t\t<p><strong>Mehr als 40 f\u00fchrende nationale und spezialisierte Medien berichteten \u00fcber das Agrotourismus-Projekt, das bei FITUR 2025 als bestes Aktivtourismus-Produkt des Landes ausgezeichnet wurde.<\/strong><\/p>\n<p class=\"\" data-start=\"423\" data-end=\"669\">Die Kampagne <em data-start=\"379\" data-end=\"400\">Spanien in voller Bl\u00fcte<\/em>, angetrieben von <a href=\"http:\/\/www.agromarketing.es\" target=\"_blank\" rel=\"noopener\">Agrarmarketing Spanien<\/a>, hatte in den ersten vier Monaten seines Bestehens einen spektakul\u00e4ren Start und positionierte sich als eines der innovativsten, emotionalsten und nachhaltigsten Tourismusprodukte auf der nationalen B\u00fchne.<\/p>\n<p class=\"\" data-start=\"642\" data-end=\"1075\">Seit seiner offiziellen Einf\u00fchrung im Januar und seiner Konsolidierung auf der FITUR 2025 \u2013 wo es die <strong data-start=\"731\" data-end=\"777\">Auszeichnung f\u00fcr das beste Aktivtourismusprodukt<\/strong> ausgezeichnet von IFEMA und der Zeitschrift <em data-start=\"810\" data-end=\"825\">Drau\u00dfen<\/em>\u2014, <em data-start=\"828\" data-end=\"849\">Spanien in voller Bl\u00fcte<\/em> hat eine bedeutende Medienwirkung erzielt, mit mehr als <strong data-start=\"914\" data-end=\"998\">40 Auftritte in nationalen, Fach- und regionalen Medien<\/strong>und erreichte einen <strong data-start=\"1014\" data-end=\"1074\">potenzielle Auswirkungen von \u00fcber 70 Millionen Menschen<\/strong>. Unter diesem Link k\u00f6nnen Sie die <a href=\"https:\/\/floracion.es\/wp-content\/uploads\/2025\/05\/Clipping-impacto-en-medios-Espana-en-Floracion-enero-mayo-2025.pdf\">Presseausschnitt<\/a>.<\/p>\n<h3 class=\"\" data-start=\"1077\" data-end=\"1128\">Prominente Pr\u00e4senz in renommierten Medien<\/h3>\n<p class=\"\" data-start=\"1130\" data-end=\"1669\">Das Projekt wurde in einigen der einflussreichsten Medien des Landes vorgestellt, wie zum Beispiel im Programm <a href=\"https:\/\/www.rtve.es\/play\/videos\/comando-actualidad\/espana-flor-1\/16595129\/\" target=\"_blank\" rel=\"noopener\">TVE-Kommando f\u00fcr aktuelle Angelegenheiten<\/a> <em data-start=\"1219\" data-end=\"1228\">Das Land<\/em> (erg\u00e4nzen <em data-start=\"1241\" data-end=\"1253\">Der Reisende<\/em>), <em data-start=\"1256\" data-end=\"1261\">ABC<\/em>, <em data-start=\"1263\" data-end=\"1275\">20 Minuten<\/em>, <em data-start=\"1277\" data-end=\"1288\">Erweiterung<\/em>, <em data-start=\"1290\" data-end=\"1311\">National Geographic<\/em>, <em data-start=\"1313\" data-end=\"1327\">MSN-Nachrichten<\/em> entweder <em data-start=\"1330\" data-end=\"1345\">Cadena SER<\/em>, wo der Journalist Paco Nadal dem Ph\u00e4nomen des bl\u00fchenden Tourismus im Programm einen prominenten Platz einr\u00e4umte <em data-start=\"1458\" data-end=\"1470\">Das Fenster<\/em>. Er machte auch Schlagzeilen und Berichte in <em data-start=\"1517\" data-end=\"1528\">Onda Cero<\/em> (<em data-start=\"1530\" data-end=\"1545\">Reisende Menschen<\/em>), <em data-start=\"1548\" data-end=\"1553\">RNE<\/em> (<em data-start=\"1555\" data-end=\"1568\">L\u00e4ndliche Welt<\/em>), <em data-start=\"1571\" data-end=\"1580\">EFEAGRO<\/em>und Fachzeitschriften wie <em data-start=\"1613\" data-end=\"1623\">Reisender<\/em>, <em data-start=\"1625\" data-end=\"1640\">Drau\u00dfen<\/em>, <em data-start=\"1642\" data-end=\"1653\">Entdecken<\/em> entweder <em data-start=\"1656\" data-end=\"1668\">Infortursa<\/em>.<\/p>\n<h3 class=\"\" data-start=\"1671\" data-end=\"1742\">Eine Geschichte, die mit dem Gebiet, dem Reisenden und der landwirtschaftlichen Welt verbunden ist<\/h3>\n<p class=\"\" data-start=\"1744\" data-end=\"2183\">Durch die Kommunikationsstrategie wurde eine ausgewogene und wirksame Berichterstattung erreicht, die drei Hauptzielgruppen anspricht: Reisende, l\u00e4ndliche Gemeinden und institutionelle Entscheidungstr\u00e4ger. Die Geschichte der Bl\u00fcte als transformative und nachhaltige Erfahrung hat im Tourismus, in der Agrar- und Ern\u00e4hrungswirtschaft sowie in den Medien allgemein gro\u00dfen Anklang gefunden und die Markenbildung bl\u00fchender Gebiete als einzigartige, authentische und umweltbewusste Reiseziele gest\u00e4rkt.<\/p>\n<h3 class=\"\" data-start=\"2185\" data-end=\"2255\">Der Wert einer nationalen Auszeichnung und eines Netzwerks engagierter Reiseziele<\/h3>\n<p class=\"\" data-start=\"2257\" data-end=\"2611\">Die Anerkennung bei FITUR war ein wichtiger Katalysator und weckte das Medieninteresse an einem Vorschlag, der bl\u00fchende Landschaften, landwirtschaftliche Tradition und lokale Entwicklung vereint. Die Kampagne w\u00e4chst dank des Engagements der teilnehmenden Reiseziele weiter und bereitet sich bereits auf neue Werbeaktivit\u00e4ten und eine zweite Jahresh\u00e4lfte voller Erlebnisse vor.<\/p>\n<p><!-- \/wp:paragraph --><\/p>\n<p><!-- wp:paragraph --><\/p>\n<p><!-- \/wp:paragraph --><\/p>\t\t\t\t\t\t\t\t<\/div>\n\t\t\t\t<\/div>\n\t\t\t\t\t<\/div>\n\t\t\t\t<\/div>\n\t\t<div data-particle_enable=\"false\" data-particle-mobile-disabled=\"false\" class=\"elementor-element elementor-element-d38eeba e-grid e-con-boxed e-con e-parent\" data-id=\"d38eeba\" data-element_type=\"container\" data-settings=\"{&quot;jet_parallax_layout_list&quot;:[]}\">\n\t\t\t\t\t<div class=\"e-con-inner\">\n\t\t\t\t<div class=\"elementor-element elementor-element-b555124 elementor-widget elementor-widget-image\" data-id=\"b555124\" data-element_type=\"widget\" data-widget_type=\"image.default\">\n\t\t\t\t<div class=\"elementor-widget-container\">\n\t\t\t\t\t\t\t\t\t\t\t\t\t\t\t<img fetchpriority=\"high\" decoding=\"async\" width=\"800\" height=\"782\" src=\"https:\/\/floracion.es\/wp-content\/uploads\/2025\/05\/DiarioExpansion.jpg\" class=\"attachment-large size-large wp-image-3789\" alt=\"\" srcset=\"https:\/\/floracion.es\/wp-content\/uploads\/2025\/05\/DiarioExpansion.jpg 999w, https:\/\/floracion.es\/wp-content\/uploads\/2025\/05\/DiarioExpansion-300x293.jpg 300w, https:\/\/floracion.es\/wp-content\/uploads\/2025\/05\/DiarioExpansion-768x750.jpg 768w, https:\/\/floracion.es\/wp-content\/uploads\/2025\/05\/DiarioExpansion-12x12.jpg 12w\" sizes=\"(max-width: 800px) 100vw, 800px\" \/>\t\t\t\t\t\t\t\t\t\t\t\t\t\t\t<\/div>\n\t\t\t\t<\/div>\n\t\t\t\t<div class=\"elementor-element elementor-element-7273ca1 elementor-widget elementor-widget-image\" data-id=\"7273ca1\" data-element_type=\"widget\" data-widget_type=\"image.default\">\n\t\t\t\t<div class=\"elementor-widget-container\">\n\t\t\t\t\t\t\t\t\t\t\t\t\t\t\t<img decoding=\"async\" width=\"800\" height=\"733\" src=\"https:\/\/floracion.es\/wp-content\/uploads\/2025\/05\/ProgramaGenteViajeraOndaCero.jpg\" class=\"attachment-large size-large wp-image-3790\" alt=\"\" srcset=\"https:\/\/floracion.es\/wp-content\/uploads\/2025\/05\/ProgramaGenteViajeraOndaCero.jpg 973w, https:\/\/floracion.es\/wp-content\/uploads\/2025\/05\/ProgramaGenteViajeraOndaCero-300x275.jpg 300w, https:\/\/floracion.es\/wp-content\/uploads\/2025\/05\/ProgramaGenteViajeraOndaCero-768x704.jpg 768w, https:\/\/floracion.es\/wp-content\/uploads\/2025\/05\/ProgramaGenteViajeraOndaCero-13x12.jpg 13w\" sizes=\"(max-width: 800px) 100vw, 800px\" \/>\t\t\t\t\t\t\t\t\t\t\t\t\t\t\t<\/div>\n\t\t\t\t<\/div>\n\t\t\t\t<div class=\"elementor-element elementor-element-bfb8e6d elementor-widget elementor-widget-image\" data-id=\"bfb8e6d\" data-element_type=\"widget\" data-widget_type=\"image.default\">\n\t\t\t\t<div class=\"elementor-widget-container\">\n\t\t\t\t\t\t\t\t\t\t\t\t\t\t\t<img decoding=\"async\" width=\"800\" height=\"467\" src=\"https:\/\/floracion.es\/wp-content\/uploads\/2025\/05\/RevistaTraveler-1024x598.jpg\" class=\"attachment-large size-large wp-image-3791\" alt=\"\" srcset=\"https:\/\/floracion.es\/wp-content\/uploads\/2025\/05\/RevistaTraveler-1024x598.jpg 1024w, https:\/\/floracion.es\/wp-content\/uploads\/2025\/05\/RevistaTraveler-300x175.jpg 300w, https:\/\/floracion.es\/wp-content\/uploads\/2025\/05\/RevistaTraveler-768x448.jpg 768w, https:\/\/floracion.es\/wp-content\/uploads\/2025\/05\/RevistaTraveler-1536x897.jpg 1536w, https:\/\/floracion.es\/wp-content\/uploads\/2025\/05\/RevistaTraveler-18x12.jpg 18w, https:\/\/floracion.es\/wp-content\/uploads\/2025\/05\/RevistaTraveler-1320x771.jpg 1320w, https:\/\/floracion.es\/wp-content\/uploads\/2025\/05\/RevistaTraveler.jpg 1612w\" sizes=\"(max-width: 800px) 100vw, 800px\" \/>\t\t\t\t\t\t\t\t\t\t\t\t\t\t\t<\/div>\n\t\t\t\t<\/div>\n\t\t\t\t<div class=\"elementor-element elementor-element-8d5c4d0 elementor-widget elementor-widget-image\" data-id=\"8d5c4d0\" data-element_type=\"widget\" data-widget_type=\"image.default\">\n\t\t\t\t<div class=\"elementor-widget-container\">\n\t\t\t\t\t\t\t\t\t\t\t\t\t\t\t<img loading=\"lazy\" decoding=\"async\" width=\"800\" height=\"495\" src=\"https:\/\/floracion.es\/wp-content\/uploads\/2025\/05\/EfeAGRO-1024x634.jpg\" class=\"attachment-large size-large wp-image-3792\" alt=\"\" srcset=\"https:\/\/floracion.es\/wp-content\/uploads\/2025\/05\/EfeAGRO-1024x634.jpg 1024w, https:\/\/floracion.es\/wp-content\/uploads\/2025\/05\/EfeAGRO-300x186.jpg 300w, https:\/\/floracion.es\/wp-content\/uploads\/2025\/05\/EfeAGRO-768x476.jpg 768w, https:\/\/floracion.es\/wp-content\/uploads\/2025\/05\/EfeAGRO-18x12.jpg 18w, https:\/\/floracion.es\/wp-content\/uploads\/2025\/05\/EfeAGRO-1320x818.jpg 1320w, https:\/\/floracion.es\/wp-content\/uploads\/2025\/05\/EfeAGRO.jpg 1487w\" sizes=\"(max-width: 800px) 100vw, 800px\" \/>\t\t\t\t\t\t\t\t\t\t\t\t\t\t\t<\/div>\n\t\t\t\t<\/div>\n\t\t\t\t\t<\/div>\n\t\t\t\t<\/div>\n\t\t\t\t<\/div>","protected":false},"excerpt":{"rendered":"<p>Mehr als 40 f\u00fchrende nationale und spezialisierte Medien berichten \u00fcber das Agrotourismus-Projekt, das bei FITUR 2025 als bestes Aktivtourismus-Produkt des Landes ausgezeichnet wurde. Die von Agromarketing Spain gef\u00f6rderte Kampagne \u201eSpanien in Bl\u00fcte\u201c hatte in den ersten vier Monaten ihres Bestehens einen spektakul\u00e4ren Start und positionierte sich als [\u2026]<\/p>","protected":false},"author":6,"featured_media":3788,"comment_status":"open","ping_status":"open","sticky":false,"template":"","format":"standard","meta":{"footnotes":""},"categories":[1],"tags":[],"class_list":["post-3784","post","type-post","status-publish","format-standard","has-post-thumbnail","hentry","category-floracion-en-espana"],"_links":{"self":[{"href":"https:\/\/floracion.es\/de\/wp-json\/wp\/v2\/posts\/3784","targetHints":{"allow":["GET"]}}],"collection":[{"href":"https:\/\/floracion.es\/de\/wp-json\/wp\/v2\/posts"}],"about":[{"href":"https:\/\/floracion.es\/de\/wp-json\/wp\/v2\/types\/post"}],"author":[{"embeddable":true,"href":"https:\/\/floracion.es\/de\/wp-json\/wp\/v2\/users\/6"}],"replies":[{"embeddable":true,"href":"https:\/\/floracion.es\/de\/wp-json\/wp\/v2\/comments?post=3784"}],"version-history":[{"count":12,"href":"https:\/\/floracion.es\/de\/wp-json\/wp\/v2\/posts\/3784\/revisions"}],"predecessor-version":[{"id":3959,"href":"https:\/\/floracion.es\/de\/wp-json\/wp\/v2\/posts\/3784\/revisions\/3959"}],"wp:featuredmedia":[{"embeddable":true,"href":"https:\/\/floracion.es\/de\/wp-json\/wp\/v2\/media\/3788"}],"wp:attachment":[{"href":"https:\/\/floracion.es\/de\/wp-json\/wp\/v2\/media?parent=3784"}],"wp:term":[{"taxonomy":"category","embeddable":true,"href":"https:\/\/floracion.es\/de\/wp-json\/wp\/v2\/categories?post=3784"},{"taxonomy":"post_tag","embeddable":true,"href":"https:\/\/floracion.es\/de\/wp-json\/wp\/v2\/tags?post=3784"}],"curies":[{"name":"wp","href":"https:\/\/api.w.org\/{rel}","templated":true}]}}