{"id":3759,"date":"2025-05-15T16:55:53","date_gmt":"2025-05-15T14:55:53","guid":{"rendered":"https:\/\/floracion.es\/?p=3759"},"modified":"2025-05-15T17:26:19","modified_gmt":"2025-05-15T15:26:19","slug":"exito-de-participacion-en-la-floracion-del-manzano-de-la-comarca-de-la-sidra-con-listas-de-espera-en-las-actividades-agroturisticas-previstas","status":"publish","type":"post","link":"https:\/\/floracion.es\/de\/erfolgreiche-teilnahme-an-der-apfelblute-im-mostgebiet-mit-wartelisten-fur-die-geplanten-agrotourismus-aktivitaten\/","title":{"rendered":"Erfolgreiche Teilnahme am Apfelbl\u00fctenfest in der Cider-Region, mit Wartelisten f\u00fcr geplante Agrotourismus-Aktivit\u00e4ten."},"content":{"rendered":"<div data-elementor-type=\"wp-post\" data-elementor-id=\"3759\" class=\"elementor elementor-3759\" data-elementor-post-type=\"post\">\n\t\t\t\t<div data-particle_enable=\"false\" data-particle-mobile-disabled=\"false\" class=\"elementor-element elementor-element-65d5c3d4 e-flex e-con-boxed e-con e-parent\" data-id=\"65d5c3d4\" data-element_type=\"container\" data-settings=\"{&quot;jet_parallax_layout_list&quot;:[]}\">\n\t\t\t\t\t<div class=\"e-con-inner\">\n\t\t\t\t<div class=\"elementor-element elementor-element-2e540261 elementor-widget elementor-widget-text-editor\" data-id=\"2e540261\" data-element_type=\"widget\" data-widget_type=\"text-editor.default\">\n\t\t\t\t<div class=\"elementor-widget-container\">\n\t\t\t\t\t\t\t\t\t<p><strong>Der Verband der Region Asturien betont das Interesse der Touristen an der Bl\u00fctezeit und die Wirkung der f\u00fcr diese Ausgabe geplanten Woche, die mit einer hohen Auslastung der Restaurants und Unterk\u00fcnfte einhergeht.<\/strong><\/p>\n<p class=\"\" data-start=\"423\" data-end=\"669\">Vom 1. bis 4. Mai erlebte die Apfelweinregion eine unvergessliche Ausgabe ihrer Apfelbl\u00fctenwoche, ein Fest, das die \u201eBl\u00fctenbl\u00fcte des Apfels\u201c zu einer wahren touristischen und kulturellen Attraktion des asturischen Fr\u00fchlings gemacht hat. Diese Veranstaltung wurde von Spain in Blossom, einem Mitglied des Blossom Destinations Club des Landes, unterst\u00fctzt.<\/p>\n<p class=\"\" data-start=\"671\" data-end=\"1115\">Vier Tage lang konnten Einwohner und Besucher in einer wundersch\u00f6nen nat\u00fcrlichen und historischen Umgebung an einem umfangreichen Aktivit\u00e4tenprogramm zur Feier der Ankunft der Apfelbl\u00fcte teilnehmen. Gef\u00fchrte Wanderungen durch bl\u00fchende Apfelplantagen, Besuche traditioneller Mostereien und des Mostmuseums, Fotoworkshops, kulinarische Erlebnisse und Live-Musik im Freien haben die Region mit Leben, D\u00fcften und Kl\u00e4ngen erf\u00fcllt.<\/p>\n<p class=\"\" data-start=\"1117\" data-end=\"1477\">Dar\u00fcber hinaus boten lokale Betriebe spezielle Men\u00fcs auf Apfel- und Apfelweinbasis an, die beim Publikum gro\u00dfen Anklang fanden und in mehreren Restaurants ausverkauft waren.<\/p>\n<p class=\"\" data-start=\"1479\" data-end=\"1712\">Auch an Angeboten f\u00fcr Ausfl\u00fcge ins Gr\u00fcne mangelte es in den Unterk\u00fcnften der Region nicht. Diese waren am langen Wochenende nahezu ausgebucht, was das wachsende Interesse an derartigen Angeboten widerspiegelt, die Natur, Gastronomie und Kultur verbinden.<\/p>\n<p class=\"\" data-start=\"1714\" data-end=\"1972\">Die Organisatoren lobten den Verlauf der Woche und betonten \u201edie gro\u00dfartige Resonanz in der \u00d6ffentlichkeit, das angenehme Wetter und die Beteiligung der \u00f6rtlichen Unternehmen, die alle dazu beigetragen haben, dass diese Bl\u00fcte nicht nur sichtbar, sondern auch erlebbar ist.\u201c<\/p>\n<p class=\"\" data-start=\"1974\" data-end=\"2236\">Mit einem von Jahr zu Jahr wachsenden Angebot etabliert sich die Apfelbl\u00fctenwoche als Pflichttermin im asturischen und nationalen Tourismuskalender und unterstreicht den Wert der Agrarlandschaft und der Apfelweinkultur als Motoren der lokalen Entwicklung.<\/p>\n<p><!-- \/wp:paragraph --><\/p>\n<p><!-- wp:paragraph --><\/p>\n<p><!-- \/wp:paragraph --><\/p>\t\t\t\t\t\t\t\t<\/div>\n\t\t\t\t<\/div>\n\t\t\t\t\t<\/div>\n\t\t\t\t<\/div>\n\t\t<div data-particle_enable=\"false\" data-particle-mobile-disabled=\"false\" class=\"elementor-element elementor-element-d38eeba e-grid e-con-boxed e-con e-parent\" data-id=\"d38eeba\" data-element_type=\"container\" data-settings=\"{&quot;jet_parallax_layout_list&quot;:[]}\">\n\t\t\t\t\t<div class=\"e-con-inner\">\n\t\t\t\t<div class=\"elementor-element elementor-element-b555124 elementor-widget elementor-widget-image\" data-id=\"b555124\" data-element_type=\"widget\" data-widget_type=\"image.default\">\n\t\t\t\t<div class=\"elementor-widget-container\">\n\t\t\t\t\t\t\t\t\t\t\t\t\t\t\t<img fetchpriority=\"high\" decoding=\"async\" width=\"800\" height=\"601\" src=\"https:\/\/floracion.es\/wp-content\/uploads\/2025\/05\/Floracionmanzano20252-1-1024x769.jpeg\" class=\"attachment-large size-large wp-image-3775\" alt=\"\" srcset=\"https:\/\/floracion.es\/wp-content\/uploads\/2025\/05\/Floracionmanzano20252-1-1024x769.jpeg 1024w, https:\/\/floracion.es\/wp-content\/uploads\/2025\/05\/Floracionmanzano20252-1-300x225.jpeg 300w, https:\/\/floracion.es\/wp-content\/uploads\/2025\/05\/Floracionmanzano20252-1-768x576.jpeg 768w, https:\/\/floracion.es\/wp-content\/uploads\/2025\/05\/Floracionmanzano20252-1-1536x1153.jpeg 1536w, https:\/\/floracion.es\/wp-content\/uploads\/2025\/05\/Floracionmanzano20252-1-16x12.jpeg 16w, https:\/\/floracion.es\/wp-content\/uploads\/2025\/05\/Floracionmanzano20252-1-1320x991.jpeg 1320w, https:\/\/floracion.es\/wp-content\/uploads\/2025\/05\/Floracionmanzano20252-1.jpeg 1600w\" sizes=\"(max-width: 800px) 100vw, 800px\" \/>\t\t\t\t\t\t\t\t\t\t\t\t\t\t\t<\/div>\n\t\t\t\t<\/div>\n\t\t\t\t<div class=\"elementor-element elementor-element-7273ca1 elementor-widget elementor-widget-image\" data-id=\"7273ca1\" data-element_type=\"widget\" data-widget_type=\"image.default\">\n\t\t\t\t<div class=\"elementor-widget-container\">\n\t\t\t\t\t\t\t\t\t\t\t\t\t\t\t<img decoding=\"async\" width=\"800\" height=\"601\" src=\"https:\/\/floracion.es\/wp-content\/uploads\/2025\/05\/WhatsApp-Image-2025-05-15-at-11.52.32-1024x769.jpeg\" class=\"attachment-large size-large wp-image-3772\" alt=\"\" srcset=\"https:\/\/floracion.es\/wp-content\/uploads\/2025\/05\/WhatsApp-Image-2025-05-15-at-11.52.32-1024x769.jpeg 1024w, https:\/\/floracion.es\/wp-content\/uploads\/2025\/05\/WhatsApp-Image-2025-05-15-at-11.52.32-300x225.jpeg 300w, https:\/\/floracion.es\/wp-content\/uploads\/2025\/05\/WhatsApp-Image-2025-05-15-at-11.52.32-768x576.jpeg 768w, https:\/\/floracion.es\/wp-content\/uploads\/2025\/05\/WhatsApp-Image-2025-05-15-at-11.52.32-1536x1153.jpeg 1536w, https:\/\/floracion.es\/wp-content\/uploads\/2025\/05\/WhatsApp-Image-2025-05-15-at-11.52.32-16x12.jpeg 16w, https:\/\/floracion.es\/wp-content\/uploads\/2025\/05\/WhatsApp-Image-2025-05-15-at-11.52.32-1320x991.jpeg 1320w, https:\/\/floracion.es\/wp-content\/uploads\/2025\/05\/WhatsApp-Image-2025-05-15-at-11.52.32.jpeg 1600w\" sizes=\"(max-width: 800px) 100vw, 800px\" \/>\t\t\t\t\t\t\t\t\t\t\t\t\t\t\t<\/div>\n\t\t\t\t<\/div>\n\t\t\t\t<div class=\"elementor-element elementor-element-bfb8e6d elementor-widget elementor-widget-image\" data-id=\"bfb8e6d\" data-element_type=\"widget\" data-widget_type=\"image.default\">\n\t\t\t\t<div class=\"elementor-widget-container\">\n\t\t\t\t\t\t\t\t\t\t\t\t\t\t\t<img decoding=\"async\" width=\"800\" height=\"593\" src=\"https:\/\/floracion.es\/wp-content\/uploads\/2025\/05\/WhatsApp-Image-2025-05-15-at-11.52.33-1-1024x759.jpeg\" class=\"attachment-large size-large wp-image-3776\" alt=\"\" srcset=\"https:\/\/floracion.es\/wp-content\/uploads\/2025\/05\/WhatsApp-Image-2025-05-15-at-11.52.33-1-1024x759.jpeg 1024w, https:\/\/floracion.es\/wp-content\/uploads\/2025\/05\/WhatsApp-Image-2025-05-15-at-11.52.33-1-300x222.jpeg 300w, https:\/\/floracion.es\/wp-content\/uploads\/2025\/05\/WhatsApp-Image-2025-05-15-at-11.52.33-1-768x569.jpeg 768w, https:\/\/floracion.es\/wp-content\/uploads\/2025\/05\/WhatsApp-Image-2025-05-15-at-11.52.33-1-1536x1139.jpeg 1536w, https:\/\/floracion.es\/wp-content\/uploads\/2025\/05\/WhatsApp-Image-2025-05-15-at-11.52.33-1-16x12.jpeg 16w, https:\/\/floracion.es\/wp-content\/uploads\/2025\/05\/WhatsApp-Image-2025-05-15-at-11.52.33-1-1320x978.jpeg 1320w, https:\/\/floracion.es\/wp-content\/uploads\/2025\/05\/WhatsApp-Image-2025-05-15-at-11.52.33-1.jpeg 1600w\" sizes=\"(max-width: 800px) 100vw, 800px\" \/>\t\t\t\t\t\t\t\t\t\t\t\t\t\t\t<\/div>\n\t\t\t\t<\/div>\n\t\t\t\t<div class=\"elementor-element elementor-element-8d5c4d0 elementor-widget elementor-widget-image\" data-id=\"8d5c4d0\" data-element_type=\"widget\" data-widget_type=\"image.default\">\n\t\t\t\t<div class=\"elementor-widget-container\">\n\t\t\t\t\t\t\t\t\t\t\t\t\t\t\t<img loading=\"lazy\" decoding=\"async\" width=\"800\" height=\"601\" src=\"https:\/\/floracion.es\/wp-content\/uploads\/2025\/05\/WhatsApp-Image-2025-05-15-at-11.53.14-1024x769.jpeg\" class=\"attachment-large size-large wp-image-3777\" alt=\"\" srcset=\"https:\/\/floracion.es\/wp-content\/uploads\/2025\/05\/WhatsApp-Image-2025-05-15-at-11.53.14-1024x769.jpeg 1024w, https:\/\/floracion.es\/wp-content\/uploads\/2025\/05\/WhatsApp-Image-2025-05-15-at-11.53.14-300x225.jpeg 300w, https:\/\/floracion.es\/wp-content\/uploads\/2025\/05\/WhatsApp-Image-2025-05-15-at-11.53.14-768x576.jpeg 768w, https:\/\/floracion.es\/wp-content\/uploads\/2025\/05\/WhatsApp-Image-2025-05-15-at-11.53.14-1536x1153.jpeg 1536w, https:\/\/floracion.es\/wp-content\/uploads\/2025\/05\/WhatsApp-Image-2025-05-15-at-11.53.14-16x12.jpeg 16w, https:\/\/floracion.es\/wp-content\/uploads\/2025\/05\/WhatsApp-Image-2025-05-15-at-11.53.14-1320x991.jpeg 1320w, https:\/\/floracion.es\/wp-content\/uploads\/2025\/05\/WhatsApp-Image-2025-05-15-at-11.53.14.jpeg 1600w\" sizes=\"(max-width: 800px) 100vw, 800px\" \/>\t\t\t\t\t\t\t\t\t\t\t\t\t\t\t<\/div>\n\t\t\t\t<\/div>\n\t\t\t\t\t<\/div>\n\t\t\t\t<\/div>\n\t\t<div data-particle_enable=\"false\" data-particle-mobile-disabled=\"false\" class=\"elementor-element elementor-element-e988ec6 e-grid e-con-boxed e-con e-parent\" data-id=\"e988ec6\" data-element_type=\"container\" data-settings=\"{&quot;jet_parallax_layout_list&quot;:[]}\">\n\t\t\t\t\t<div class=\"e-con-inner\">\n\t\t\t\t<div class=\"elementor-element elementor-element-9438f79 elementor-widget elementor-widget-image\" data-id=\"9438f79\" data-element_type=\"widget\" data-widget_type=\"image.default\">\n\t\t\t\t<div class=\"elementor-widget-container\">\n\t\t\t\t\t\t\t\t\t\t\t\t\t\t\t<img loading=\"lazy\" decoding=\"async\" width=\"800\" height=\"601\" src=\"https:\/\/floracion.es\/wp-content\/uploads\/2025\/05\/WhatsApp-Image-2025-05-15-at-11.53.13-1024x769.jpeg\" class=\"attachment-large size-large wp-image-3778\" alt=\"\" srcset=\"https:\/\/floracion.es\/wp-content\/uploads\/2025\/05\/WhatsApp-Image-2025-05-15-at-11.53.13-1024x769.jpeg 1024w, https:\/\/floracion.es\/wp-content\/uploads\/2025\/05\/WhatsApp-Image-2025-05-15-at-11.53.13-300x225.jpeg 300w, https:\/\/floracion.es\/wp-content\/uploads\/2025\/05\/WhatsApp-Image-2025-05-15-at-11.53.13-768x576.jpeg 768w, https:\/\/floracion.es\/wp-content\/uploads\/2025\/05\/WhatsApp-Image-2025-05-15-at-11.53.13-1536x1153.jpeg 1536w, https:\/\/floracion.es\/wp-content\/uploads\/2025\/05\/WhatsApp-Image-2025-05-15-at-11.53.13-16x12.jpeg 16w, https:\/\/floracion.es\/wp-content\/uploads\/2025\/05\/WhatsApp-Image-2025-05-15-at-11.53.13-1320x991.jpeg 1320w, https:\/\/floracion.es\/wp-content\/uploads\/2025\/05\/WhatsApp-Image-2025-05-15-at-11.53.13.jpeg 1600w\" sizes=\"(max-width: 800px) 100vw, 800px\" \/>\t\t\t\t\t\t\t\t\t\t\t\t\t\t\t<\/div>\n\t\t\t\t<\/div>\n\t\t\t\t<div class=\"elementor-element elementor-element-1f089bc elementor-widget elementor-widget-image\" data-id=\"1f089bc\" data-element_type=\"widget\" data-widget_type=\"image.default\">\n\t\t\t\t<div class=\"elementor-widget-container\">\n\t\t\t\t\t\t\t\t\t\t\t\t\t\t\t<img loading=\"lazy\" decoding=\"async\" width=\"800\" height=\"601\" src=\"https:\/\/floracion.es\/wp-content\/uploads\/2025\/05\/WhatsApp-Image-2025-05-15-at-11.52.30-1024x769.jpeg\" class=\"attachment-large size-large wp-image-3780\" alt=\"\" srcset=\"https:\/\/floracion.es\/wp-content\/uploads\/2025\/05\/WhatsApp-Image-2025-05-15-at-11.52.30-1024x769.jpeg 1024w, https:\/\/floracion.es\/wp-content\/uploads\/2025\/05\/WhatsApp-Image-2025-05-15-at-11.52.30-300x225.jpeg 300w, https:\/\/floracion.es\/wp-content\/uploads\/2025\/05\/WhatsApp-Image-2025-05-15-at-11.52.30-768x576.jpeg 768w, https:\/\/floracion.es\/wp-content\/uploads\/2025\/05\/WhatsApp-Image-2025-05-15-at-11.52.30-1536x1153.jpeg 1536w, https:\/\/floracion.es\/wp-content\/uploads\/2025\/05\/WhatsApp-Image-2025-05-15-at-11.52.30-16x12.jpeg 16w, https:\/\/floracion.es\/wp-content\/uploads\/2025\/05\/WhatsApp-Image-2025-05-15-at-11.52.30-1320x991.jpeg 1320w, https:\/\/floracion.es\/wp-content\/uploads\/2025\/05\/WhatsApp-Image-2025-05-15-at-11.52.30.jpeg 1600w\" sizes=\"(max-width: 800px) 100vw, 800px\" \/>\t\t\t\t\t\t\t\t\t\t\t\t\t\t\t<\/div>\n\t\t\t\t<\/div>\n\t\t\t\t\t<\/div>\n\t\t\t\t<\/div>\n\t\t\t\t<\/div>","protected":false},"excerpt":{"rendered":"<p>Der Verband der Apfelweinproduzenten in dieser Region Asturiens hebt das Interesse der bl\u00fchenden Touristen und die Wirkung der f\u00fcr dieses Jahr geplanten Apfelweinwoche hervor, die mit einer hohen Auslastung der Restaurants und Unterk\u00fcnfte einhergeht. Die Apfelweinregion erlebte vom 1. bis 4. Mai eine unvergessliche Ausgabe ihrer bl\u00fchenden Woche [\u2026]<\/p>","protected":false},"author":6,"featured_media":3760,"comment_status":"open","ping_status":"open","sticky":false,"template":"","format":"standard","meta":{"footnotes":""},"categories":[1],"tags":[],"class_list":["post-3759","post","type-post","status-publish","format-standard","has-post-thumbnail","hentry","category-floracion-en-espana"],"_links":{"self":[{"href":"https:\/\/floracion.es\/de\/wp-json\/wp\/v2\/posts\/3759","targetHints":{"allow":["GET"]}}],"collection":[{"href":"https:\/\/floracion.es\/de\/wp-json\/wp\/v2\/posts"}],"about":[{"href":"https:\/\/floracion.es\/de\/wp-json\/wp\/v2\/types\/post"}],"author":[{"embeddable":true,"href":"https:\/\/floracion.es\/de\/wp-json\/wp\/v2\/users\/6"}],"replies":[{"embeddable":true,"href":"https:\/\/floracion.es\/de\/wp-json\/wp\/v2\/comments?post=3759"}],"version-history":[{"count":11,"href":"https:\/\/floracion.es\/de\/wp-json\/wp\/v2\/posts\/3759\/revisions"}],"predecessor-version":[{"id":3783,"href":"https:\/\/floracion.es\/de\/wp-json\/wp\/v2\/posts\/3759\/revisions\/3783"}],"wp:featuredmedia":[{"embeddable":true,"href":"https:\/\/floracion.es\/de\/wp-json\/wp\/v2\/media\/3760"}],"wp:attachment":[{"href":"https:\/\/floracion.es\/de\/wp-json\/wp\/v2\/media?parent=3759"}],"wp:term":[{"taxonomy":"category","embeddable":true,"href":"https:\/\/floracion.es\/de\/wp-json\/wp\/v2\/categories?post=3759"},{"taxonomy":"post_tag","embeddable":true,"href":"https:\/\/floracion.es\/de\/wp-json\/wp\/v2\/tags?post=3759"}],"curies":[{"name":"wp","href":"https:\/\/api.w.org\/{rel}","templated":true}]}}