{"id":3676,"date":"2025-05-06T13:10:50","date_gmt":"2025-05-06T11:10:50","guid":{"rendered":"https:\/\/floracion.es\/?p=3676"},"modified":"2025-05-06T13:17:45","modified_gmt":"2025-05-06T11:17:45","slug":"fruiturisme-cierra-una-nueva-temporada-de-exito-con-mas-de-20-000-visitantes","status":"publish","type":"post","link":"https:\/\/floracion.es\/de\/fruiturisme-schliest-eine-weitere-erfolgreiche-saison-mit-mehr-als-20-000-besuchern-ab\/","title":{"rendered":"Fruiturisme schlie\u00dft eine weitere erfolgreiche Saison mit mehr als 20.000 Besuchern ab"},"content":{"rendered":"<div data-elementor-type=\"wp-post\" data-elementor-id=\"3676\" class=\"elementor elementor-3676\" data-elementor-post-type=\"post\">\n\t\t\t\t<div data-particle_enable=\"false\" data-particle-mobile-disabled=\"false\" class=\"elementor-element elementor-element-65d5c3d4 e-flex e-con-boxed e-con e-parent\" data-id=\"65d5c3d4\" data-element_type=\"container\" data-settings=\"{&quot;jet_parallax_layout_list&quot;:[]}\">\n\t\t\t\t\t<div class=\"e-con-inner\">\n\t\t\t\t<div class=\"elementor-element elementor-element-2e540261 elementor-widget elementor-widget-text-editor\" data-id=\"2e540261\" data-element_type=\"widget\" data-widget_type=\"text-editor.default\">\n\t\t\t\t<div class=\"elementor-widget-container\">\n\t\t\t\t\t\t\t\t\t<p><strong>Der Stadtrat von Aitona zieht eine sehr positive Bilanz der Kampagne, die die Gemeinde als Referenzziel f\u00fcr Naturtourismus etabliert hat.<br \/><\/strong><\/p>\n<table class=\"contentpaneopen\">\n<tbody>\n<tr>\n<td valign=\"top\">\n<p>Aitona hat auch in dieser neuen Obsttourismus-Saison wieder Tausende von Besuchern in seinen Bann gezogen und seine Position als ein Muss f\u00fcr Naturliebhaber und bl\u00fchende Landschaften gefestigt. Trotz einiger Regentage konnten mehr als 20.000 Menschen das einzigartige Erlebnis der Blumenfelder genie\u00dfen, mit Aktivit\u00e4ten, die die Sch\u00f6nheit der Landschaft mit der F\u00f6rderung der Gastronomie-, Landwirtschafts- und Tourismusbranche der Gemeinde verbanden.<\/p>\n<p>\u00a0<\/p>\n<h4>Erfolg durch neue Erfahrungen<\/h4>\n<p>Fruiturismo hat neue Vorschl\u00e4ge hinzugef\u00fcgt, die sehr gut angenommen wurden und bereits f\u00fcr zuk\u00fcnftige Ausgaben konsolidiert werden. Die Premiere war ein voller Erfolg\u00a0<em>Aitona, ein Traum in Pink,<\/em>\u00a0Das erste n\u00e4chtliche Erlebnis von Fruiturismo, bei dem die Besucher zwischen beleuchteten bl\u00fchenden Pfirsichb\u00e4umen spazieren gingen, Live-Musik genossen und lokale Produkte verkosten konnten. Aufgrund des Erfolgs der ersten Ausgabe wurde die Anzahl der Pl\u00e4tze bei der zweiten Ausgabe verdoppelt.<br \/>Im Rahmen des Obstfestivals wurde erstmals eine Cal\u00e7otada genossen, begleitet von Musik der Gruppe Lesquefaltaband und dem lokalen DJ Farrez. Eine weitere Neuheit in diesem Jahr war die 1. Aitona Agri-Food Fair, die mit gro\u00dfer Freude vom 6. bis 2. stattfand, um das kulinarische Angebot zu pr\u00e4sentieren und das Engagement f\u00fcr Qualit\u00e4t und lokale Produkte zu bekr\u00e4ftigen.<\/p>\n<p>\u00a0<\/p>\n<h4>Institutionelle Besuche<\/h4>\n<p>W\u00e4hrend der Bl\u00fctezeit der Pfirsichb\u00e4ume erhielt Aitona zahlreiche institutionelle Besuche. Der spanische Minister f\u00fcr Industrie und Tourismus, Jordi Hereu, besuchte das Rathaus, die Agrar- und Lebensmittelmesse und die bl\u00fchenden Felder. der Unterdelegierte der spanischen Regierung in L\u00e9rida, Jos\u00e9 Crespin; der Minister f\u00fcr Wirtschaft und Besch\u00e4ftigung der Generalitat, Miquel S\u00e0mper; die Gebietsdirektorin f\u00fcr Wirtschaft und Besch\u00e4ftigung, Pilar Espax; der Minister f\u00fcr Landwirtschaft, Viehzucht, Fischerei und Ern\u00e4hrung, \u00d2scar Ordeig; die Delegierte der Generalitat in Lleida, N\u00faria Gil, sowie die Gebietsdirektorin des Kulturministeriums, Montse Parra.<br \/>Allerdings hat die katalanische Tourismusagentur (ACT) in Zusammenarbeit mit Ara Lleida verschiedene Aktivit\u00e4ten organisiert, um die Bl\u00fctezeit zu feiern, darunter die Grand Tour, einen Rundweg, auf dem Sie die Kultur, Natur und Gastronomie der Region in Ihrem eigenen Tempo entdecken k\u00f6nnen. Ziel dieser Route ist es, den Tourismus gleichm\u00e4\u00dfig zu verteilen und die wirtschaftliche Wiederbelebung des Sektors zu f\u00f6rdern.<\/p>\n<p>\u00a0<\/p>\n<h4>F\u00fchrungen<\/h4>\n<p>Die F\u00fchrungen waren ein voller Erfolg: Es gab \u00fcber 5.000 Online-Reservierungen, \u00fcber 2.000 Personen reisten mit dem Bus an und es gab einen betr\u00e4chtlichen Zustrom von Besuchern aus ganz Spanien, insbesondere aus dem Baskenland, Madrid und Saragossa, sowie aus anderen L\u00e4ndern wie Japan, der Ukraine und dem Vereinigten K\u00f6nigreich.<br \/>Auch die Besuche und F\u00fchrungen zum kulturellen Erbe in englischer Sprache haben zugenommen, dank der Initiative, kostenlose F\u00fchrungen sowohl zu Orten von religi\u00f6sem Interesse (der H\u00f6hle und dem Geburtsort von Pater Palau) als auch zu den St\u00e4tten von Santa Teresa Jornet zu organisieren. Robert Capa war nicht weit dahinter und seine Route war gut besucht, ebenso wie die Altstadt und die Ausstellung Artipag\u00e9s von Eloi Sarrat in der Kapelle Sant Gaiet\u00e0.<br \/>An Fruiturisme 2025 nahmen auch Organisationen, Unternehmen und Institutionen teil, die das Projekt aus erster Hand kennenlernen wollten. Reiseveranstalter aus Madrid und Tortosa, Gruppen von Aremi, Meraki Travel, Alg\u00e9mica, Motorrad BMW, Parientes Agust\u00ed oder die Q Reference Days-Gruppe f\u00fcr die Grundversorgung und Stadtr\u00e4te wie Ol\u00e8rdola.<\/p>\n<p>\u00a0<\/p>\n<h4>Solidarit\u00e4tsaktionen<\/h4>\n<p>Auch die FC Barcelona Foundation beteiligte sich an dieser Ausgabe und veranstaltete einen Kreativtag f\u00fcr die Kinder von Bar\u00e7a Activa\u2019t. Fruiturismo hatte auch eine starke Komponente der Solidarit\u00e4t und des sozialen Zusammenhalts: Der 13. Solidarit\u00e4tsmarsch zugunsten des \u00c0ngel Olaran Initiative Center sowie die Fecoll-Schnecke zur Unterst\u00fctzung des Santa Teresa Jornet Home verzeichneten eine Rekordbeteiligung.<br \/><br \/><\/p>\n<h4>Gro\u00dfes Medienecho<\/h4>\n<p>Die Wirkung von Fruiturismo hat die Grenzen der Gemeinde \u00fcberschritten und ist in den Medien stark vertreten, mit Auftritten bei TV3 (auf TN Migdia und TN Comarcas mit einem Bericht \u00fcber den Besuch internationaler Influencer und bei Tot es Mou mit einer Live-Schaltung des Meteorologen Tom\u00e0s Molina) und bei La R\u00e0dio hier; auf Lleida TV, in der Sendung Cafe\u00edna;  UA1 Lleida Radio sowie auf Telecinco, CMM, La Red, Idealista News und Agroesfera. Was gedruckte und digitale Zeitungen betrifft, so wurde der Bericht auch von Segre, La Ma\u00f1ana, La Vanguardia, Ara, 324, P\u00fablico, Naci\u00f3n Digital, El Nacional, La Raz\u00f3n, COPE, Onda Cero, 20 Minuten, Ciudad, Europa Press, Catalunya Press und Agencia Atlas ver\u00f6ffentlicht. Dar\u00fcber hinaus wurde eine Folge von La Travessa auf TV3 aufgezeichnet.<\/p>\n<p>Rosa Pujol: \u201eObsttourismus ist ein Zukunftsprojekt mit einzigartigem Potenzial.\u201c<\/p>\n<p>Der B\u00fcrgermeister von Aitona,\u00a0<strong>Rosa Pujol,<\/strong>\u00a0Er zog eine sehr positive Bilanz der Saison und betonte, dass\u00a0<strong>\u201eDie Anwesenheit der Beh\u00f6rden und der st\u00e4ndige Zustrom von Besuchern aus aller Welt festigen Fruiturisme als ein Projekt f\u00fcr die Zukunft mit einzigartigem Potenzial f\u00fcr weiteres Wachstum.\u201c<br \/><\/strong>Dar\u00fcber hinaus hat der B\u00fcrgermeister von Aitona die Bereitschaft des Stadtrats unterstrichen,\u00a0<strong>\u201eWir m\u00fcssen weiterhin mit Institutionen aller Art \u2013 aus den Bereichen Wirtschaft, Tourismus und Unternehmen \u2013 auf lokaler, katalanischer und nationaler Ebene zusammenarbeiten, um Fruiturismo weiterhin als Motor der Entwicklung zu f\u00f6rdern.\u201c<br \/><\/strong>Schlie\u00dflich rief Pujol alle Natur- und Kulturliebhaber dazu auf, Aitona zu besuchen und betonte, dass\u00a0<strong>\u201eObsttourismus pr\u00e4sentiert nicht nur die Sch\u00f6nheit bl\u00fchender Blumen, sondern bietet auch ein einzigartiges Erlebnis von Landschaft, Gastronomie und Tradition.\u201c<br \/><\/strong>Der Stadtrat von Aitona m\u00f6chte allen Freiwilligen seinen aufrichtigen Dank aussprechen, die es erm\u00f6glicht haben, dass Fruiturismo auch f\u00fcr eine weitere Saison die Seele der Stadt sein und die Authentizit\u00e4t des Landes und seiner Bauern zur Schau stellen konnte.<\/p>\n<\/td>\n<\/tr>\n<\/tbody>\n<\/table>\n<p><span class=\"article_separator\">\u00a0<\/span><\/p>\n<p><!-- \/wp:paragraph --><\/p>\n<p><!-- wp:paragraph --><\/p>\n<p><!-- \/wp:paragraph --><\/p>\t\t\t\t\t\t\t\t<\/div>\n\t\t\t\t<\/div>\n\t\t\t\t\t<\/div>\n\t\t\t\t<\/div>\n\t\t\t\t<\/div>","protected":false},"excerpt":{"rendered":"<p>Der Stadtrat von Aitona hat die Kampagne sehr positiv bewertet und die Gemeinde als Referenzziel f\u00fcr Naturtourismus etabliert. Aitona hat in der neuen Saison des Obsttourismus erneut Tausende von Besuchern in seinen Bann gezogen und seine Position als unverzichtbares Reiseziel f\u00fcr Naturliebhaber und [\u2026] gefestigt.<\/p>","protected":false},"author":6,"featured_media":3677,"comment_status":"open","ping_status":"open","sticky":false,"template":"","format":"standard","meta":{"footnotes":""},"categories":[1],"tags":[],"class_list":["post-3676","post","type-post","status-publish","format-standard","has-post-thumbnail","hentry","category-floracion-en-espana"],"_links":{"self":[{"href":"https:\/\/floracion.es\/de\/wp-json\/wp\/v2\/posts\/3676","targetHints":{"allow":["GET"]}}],"collection":[{"href":"https:\/\/floracion.es\/de\/wp-json\/wp\/v2\/posts"}],"about":[{"href":"https:\/\/floracion.es\/de\/wp-json\/wp\/v2\/types\/post"}],"author":[{"embeddable":true,"href":"https:\/\/floracion.es\/de\/wp-json\/wp\/v2\/users\/6"}],"replies":[{"embeddable":true,"href":"https:\/\/floracion.es\/de\/wp-json\/wp\/v2\/comments?post=3676"}],"version-history":[{"count":7,"href":"https:\/\/floracion.es\/de\/wp-json\/wp\/v2\/posts\/3676\/revisions"}],"predecessor-version":[{"id":3684,"href":"https:\/\/floracion.es\/de\/wp-json\/wp\/v2\/posts\/3676\/revisions\/3684"}],"wp:featuredmedia":[{"embeddable":true,"href":"https:\/\/floracion.es\/de\/wp-json\/wp\/v2\/media\/3677"}],"wp:attachment":[{"href":"https:\/\/floracion.es\/de\/wp-json\/wp\/v2\/media?parent=3676"}],"wp:term":[{"taxonomy":"category","embeddable":true,"href":"https:\/\/floracion.es\/de\/wp-json\/wp\/v2\/categories?post=3676"},{"taxonomy":"post_tag","embeddable":true,"href":"https:\/\/floracion.es\/de\/wp-json\/wp\/v2\/tags?post=3676"}],"curies":[{"name":"wp","href":"https:\/\/api.w.org\/{rel}","templated":true}]}}