{"id":3668,"date":"2025-04-10T17:44:18","date_gmt":"2025-04-10T15:44:18","guid":{"rendered":"https:\/\/floracion.es\/?p=3668"},"modified":"2025-04-10T17:52:06","modified_gmt":"2025-04-10T15:52:06","slug":"mendieva-celebra-la-cuarta-edicion-de-la-fiesta-de-la-floracion-del-endrino-con-un-amplio-programa-de-actividades","status":"publish","type":"post","link":"https:\/\/floracion.es\/de\/mendieva-feiert-die-vierte-ausgabe-des-schlehenblutenfestes-mit-einem-umfangreichen-programm\/","title":{"rendered":"Mendieva feiert die vierte Ausgabe des Schlehenbl\u00fctenfestes mit einem umfangreichen Programm"},"content":{"rendered":"<div data-elementor-type=\"wp-post\" data-elementor-id=\"3668\" class=\"elementor elementor-3668\" data-elementor-post-type=\"post\">\n\t\t\t\t<div data-particle_enable=\"false\" data-particle-mobile-disabled=\"false\" class=\"elementor-element elementor-element-65d5c3d4 e-flex e-con-boxed e-con e-parent\" data-id=\"65d5c3d4\" data-element_type=\"container\" data-settings=\"{&quot;jet_parallax_layout_list&quot;:[]}\">\n\t\t\t\t\t<div class=\"e-con-inner\">\n\t\t\t\t<div class=\"elementor-element elementor-element-2e540261 elementor-widget elementor-widget-text-editor\" data-id=\"2e540261\" data-element_type=\"widget\" data-widget_type=\"text-editor.default\">\n\t\t\t\t<div class=\"elementor-widget-container\">\n\t\t\t\t\t\t\t\t\t<p>Die geografische Angabe Pachar\u00e1n Navarro, unter dem von INTIA verwalteten Qualit\u00e4tssiegel Reyno Gourmet, feierte die vierte Ausgabe des \u201eSchlehenbl\u00fcten\u201c-Festes in Mendavia. In dieser vierten Ausgabe. Die geografische Angabe Pachar\u00e1n Navarro wollte drei Personen ehren, die aktiv an der Entwicklung und dem Wachstum von Pachar\u00e1n Navarro gearbeitet haben.<\/p>\n<p>An der Veranstaltung nahmen der Minister f\u00fcr l\u00e4ndliche Entwicklung und Umwelt der Regierung von Navarra, Jos\u00e9 Mar\u00eda Aierdi, sowie der Pr\u00e4sident der IG Pachar\u00e1n Navarro teil.<br>Adrian Subia und die B\u00fcrgermeisterin von Mendavia, Maria Jose Verano.<\/p>\n<p>W\u00e4hrend der Veranstaltung wurde Ignacio Guembe gew\u00fcrdigt, der bis zum vergangenen Oktober Direktor des Dienstes f\u00fcr landwirtschaftliche Betriebe und Entwicklung der Agrar- und Lebensmittelindustrie des Ministeriums f\u00fcr l\u00e4ndliche Entwicklung und Umwelt der Regierung von Navarra war und in den letzten Jahren als Vertreter der Regierung von Navarra im Regulierungsrat von Pachar\u00e1n Navarro fungierte. Ebenfalls ausgezeichnet wurde Itziar Inza, die in den letzten sechs Jahren bis zu ihrer Pensionierung im Juni 2024 als Sekret\u00e4rin des Pachar\u00e1n Navarro Regulatory Council t\u00e4tig war; und der Produzent von Sesma, Dar\u00edo Prados, der einen gro\u00dfen Teil seines Lebens der Produktion von Pachar\u00e1n Navarro gewidmet hat.<\/p>\n<p>W\u00e4hrend der Veranstaltung sprach der Minister f\u00fcr l\u00e4ndliche Entwicklung und Umwelt der Regierung von<br>Navarra, Jos\u00e9 Mar\u00eda Aierdi, erkl\u00e4rte: \u201eDer Pachar\u00e1n Navarro ist ein Symbol der Identit\u00e4t<br>unseres Landes und der Hartn\u00e4ckigkeit unserer Bauern, die gelernt haben, Schlehe anzubauen und nicht nur ihre wilden Fr\u00fcchte zu sammeln. Tats\u00e4chlich ist Navarra der einzige Ort in Europa, an dem dieser Strauch angebaut wird.\u201c In diesem Zusammenhang hob Aierdi die Arbeit des Pachar\u00e1n de Navarra GI hervor und gratulierte den Preistr\u00e4gern.<\/p>\n<p>Ein komplettes Aktivit\u00e4tenprogramm<\/p>\n<p>Nach dem Erfolg der ersten drei Ausgaben in Sesma (2022), Mu\u00e9s (2023) und Peralta\/Azkoien (2024) findet die IG Pachar\u00e1n Navarro zum vierten Mal statt. Dies ist der Moment, in dem die Knospen zu sprie\u00dfen beginnen, die schlie\u00dflich aufbl\u00fchen werden. Und das mit einem dichten Veranstaltungsprogramm vom gestrigen Freitag bis zum heutigen Samstag, bei dem sich alles um Pachar\u00e1n Navarro und die Schlehenbl\u00fcte dreht.<\/p>\n<p>Zu den Veranstaltungen geh\u00f6rte ein Markt mit den am Pachar\u00e1n Navarro IG teilnehmenden Unternehmen. eine beliebte Verkostung von Reyno Gourmet-Pintxos von Txomin Parrilla; ein Konzert des mendavischen K\u00fcnstlers Mon Dvy; Pachar\u00e1n Navarro-Verkostungsworkshops und ein \u201eMinus Five\u201c-Wettbewerb in den Bars von Mendavia, in Zusammenarbeit mit der Jugendvereinigung La Carrera.<\/p>\n<p>Die geografische Angabe Pachar\u00e1n Navarro ist mit \u201eSpanien in Bl\u00fcte\u201c verbunden, einem Projekt, das am Festival \u201eSchlehenbl\u00fcte\u201c mitwirkt und darauf abzielt, ein Netzwerk mit den<br>verschiedene Akteure und f\u00f6rdern die einzigartige Bl\u00fcte jeder autonomen Gemeinschaft durch touristische Aktivit\u00e4ten.<\/p>\n<p><\/p>\n<p><!-- \/wp:paragraph --><\/p>\n<p><!-- wp:paragraph --><\/p>\n<p><!-- \/wp:paragraph --><\/p>\t\t\t\t\t\t\t\t<\/div>\n\t\t\t\t<\/div>\n\t\t\t\t\t<\/div>\n\t\t\t\t<\/div>\n\t\t\t\t<\/div>","protected":false},"excerpt":{"rendered":"<p>Die geografische Angabe Pachar\u00e1n Navarro, unter dem von INTIA verwalteten Qualit\u00e4tssiegel Reyno Gourmet, feierte die vierte Ausgabe des \u201eSchlehenbl\u00fcten\u201c-Festes in Mendavia. In dieser vierten Ausgabe. Die geografische Angabe Pachar\u00e1n Navarro wollte drei Personen ehren, die aktiv an der Entwicklung und dem Wachstum von Pachar\u00e1n Navarro gearbeitet haben. In [\u2026]<\/p>","protected":false},"author":6,"featured_media":3669,"comment_status":"open","ping_status":"open","sticky":false,"template":"","format":"standard","meta":{"footnotes":""},"categories":[1],"tags":[],"class_list":["post-3668","post","type-post","status-publish","format-standard","has-post-thumbnail","hentry","category-floracion-en-espana"],"_links":{"self":[{"href":"https:\/\/floracion.es\/de\/wp-json\/wp\/v2\/posts\/3668","targetHints":{"allow":["GET"]}}],"collection":[{"href":"https:\/\/floracion.es\/de\/wp-json\/wp\/v2\/posts"}],"about":[{"href":"https:\/\/floracion.es\/de\/wp-json\/wp\/v2\/types\/post"}],"author":[{"embeddable":true,"href":"https:\/\/floracion.es\/de\/wp-json\/wp\/v2\/users\/6"}],"replies":[{"embeddable":true,"href":"https:\/\/floracion.es\/de\/wp-json\/wp\/v2\/comments?post=3668"}],"version-history":[{"count":4,"href":"https:\/\/floracion.es\/de\/wp-json\/wp\/v2\/posts\/3668\/revisions"}],"predecessor-version":[{"id":3673,"href":"https:\/\/floracion.es\/de\/wp-json\/wp\/v2\/posts\/3668\/revisions\/3673"}],"wp:featuredmedia":[{"embeddable":true,"href":"https:\/\/floracion.es\/de\/wp-json\/wp\/v2\/media\/3669"}],"wp:attachment":[{"href":"https:\/\/floracion.es\/de\/wp-json\/wp\/v2\/media?parent=3668"}],"wp:term":[{"taxonomy":"category","embeddable":true,"href":"https:\/\/floracion.es\/de\/wp-json\/wp\/v2\/categories?post=3668"},{"taxonomy":"post_tag","embeddable":true,"href":"https:\/\/floracion.es\/de\/wp-json\/wp\/v2\/tags?post=3668"}],"curies":[{"name":"wp","href":"https:\/\/api.w.org\/{rel}","templated":true}]}}