{"id":3304,"date":"2024-08-22T08:25:18","date_gmt":"2024-08-22T06:25:18","guid":{"rendered":"https:\/\/floracion.es\/?p=3304"},"modified":"2024-08-26T08:31:55","modified_gmt":"2024-08-26T06:31:55","slug":"exito-del-tour-colores-y-sabores-de-espana-en-el-festival-lalavand-de-moratalla","status":"publish","type":"post","link":"https:\/\/floracion.es\/de\/die-tour-colors-and-flavors-of-spain-war-beim-lalavand-festival-in-moratalla-ein-erfolg\/","title":{"rendered":"Erfolg der \u201eColors and Flavours of Spain Tour\u201c beim Lalavand Festival in Moratalla"},"content":{"rendered":"<p>El Sabinar, ein Stadtteil von Moratalla in der Region Murcia, wurde am 17. August mit der Ankunft der Tour \u201eFarben und Aromen Spaniens\u201c zum Treffpunkt. Diese Veranstaltung im Rahmen des Lalavand-Festivals war nicht nur eine weitere Aktivit\u00e4t, sondern ein Erlebnis, das die Teilnehmer in den Reichtum unserer Traditionen und die beeindruckenden Bl\u00fcten eintauchen lie\u00df, die verschiedene Ecken Spaniens schm\u00fccken.<\/p>\n\n\n\n<p>Bereits in den fr\u00fchen Morgenstunden herrschte in El Sabinar eine besondere Atmosph\u00e4re. Um 11:30 Uhr er\u00f6ffnete der B\u00fcrgermeister von Moratalla, Juan Pascual Soria, das Interpretationszentrum der Bl\u00fcten Spaniens, eine Freiluftausstellung, die mit ihrem lehrreichen Inhalt \u00fcber die floristische Vielfalt des Landes alle faszinierte. Der Moratalla-Lavendel mit seinem charakteristischen violetten Farbton erregte gro\u00dfe Aufmerksamkeit. Der H\u00f6hepunkt war jedoch die Vorf\u00fchrung eines Drohnenvideos, das eine Luftaufnahme der riesigen Lavendelfelder bot.<\/p>\n\n\n\n<p>Mit fortschreitendem Tag stiegen die Erwartungen an die Nacht, und das zu Recht. Um 21:00 Uhr betrat die Gruppe \u201eIndiscretos\u201c die B\u00fchne mit einem Repertoire an Pop- und Rock-Coverversionen aus den Achtzigern und Neunzigern. Die Akkorde der Klassiker lie\u00dfen die Besucher vibrieren, die die Musik unter dem Sternenhimmel von Moratalla genossen.<\/p>\n\n\n\n<p>Dem Team von Agromarketing Spain (www.agromarketing.es), das das Projekt Spain in Blooming koordiniert, ist kein einziges Detail entgangen. Mit ihren Kameras fingen sie die Begeisterung der Besucher ein und f\u00fchrten Interviews mit den Nachbarn, um einen Tag zu verewigen, der vielen als authentisches Fest der Kultur und Natur des Nordwestens der Region Murcia in Erinnerung bleiben wird.<\/p>\n\n\n\n<p>Die \u201eColors and Flavours of Spain\u201c-Tour, die bereits verschiedene Bl\u00fctezeiten erlebt hat, war auf ihrem Weg durch Moratalla ein voller Erfolg. Dieses Festival hob nicht nur die Sch\u00f6nheit des heimischen Lavendels hervor, sondern unterstrich auch, wie wichtig es ist, unsere Bl\u00fcten zu sch\u00e4tzen und als Naturerbe bekannt zu machen, an dem wir uns alle erfreuen sollten.<\/p>\n\n\n\n<p>Mit dieser Veranstaltung festigt sich Moratalla als herausragender Ort auf der bl\u00fchenden Reise Spaniens und zeigt, dass dank Initiativen wie dem Lalavand-Festival die Sch\u00f6nheit unserer Landschaften und der Reichtum unserer Produkte zu einer starken Touristenattraktion werden k\u00f6nnen.<\/p>","protected":false},"excerpt":{"rendered":"<p>El Sabinar, ein Stadtteil von Moratalla in der Region Murcia, wurde am 17. August mit der Ankunft der Tour \u201eFarben und Aromen Spaniens\u201c zu einem Treffpunkt. Diese Veranstaltung im Rahmen des Lalavand-Festivals war nicht nur eine weitere Aktivit\u00e4t, sondern ein Erlebnis, das die Teilnehmer in den Reichtum von [\u2026] eintauchen lie\u00df.<\/p>","protected":false},"author":6,"featured_media":3305,"comment_status":"open","ping_status":"open","sticky":false,"template":"","format":"standard","meta":{"footnotes":""},"categories":[1],"tags":[],"class_list":["post-3304","post","type-post","status-publish","format-standard","has-post-thumbnail","hentry","category-floracion-en-espana"],"_links":{"self":[{"href":"https:\/\/floracion.es\/de\/wp-json\/wp\/v2\/posts\/3304","targetHints":{"allow":["GET"]}}],"collection":[{"href":"https:\/\/floracion.es\/de\/wp-json\/wp\/v2\/posts"}],"about":[{"href":"https:\/\/floracion.es\/de\/wp-json\/wp\/v2\/types\/post"}],"author":[{"embeddable":true,"href":"https:\/\/floracion.es\/de\/wp-json\/wp\/v2\/users\/6"}],"replies":[{"embeddable":true,"href":"https:\/\/floracion.es\/de\/wp-json\/wp\/v2\/comments?post=3304"}],"version-history":[{"count":3,"href":"https:\/\/floracion.es\/de\/wp-json\/wp\/v2\/posts\/3304\/revisions"}],"predecessor-version":[{"id":3310,"href":"https:\/\/floracion.es\/de\/wp-json\/wp\/v2\/posts\/3304\/revisions\/3310"}],"wp:featuredmedia":[{"embeddable":true,"href":"https:\/\/floracion.es\/de\/wp-json\/wp\/v2\/media\/3305"}],"wp:attachment":[{"href":"https:\/\/floracion.es\/de\/wp-json\/wp\/v2\/media?parent=3304"}],"wp:term":[{"taxonomy":"category","embeddable":true,"href":"https:\/\/floracion.es\/de\/wp-json\/wp\/v2\/categories?post=3304"},{"taxonomy":"post_tag","embeddable":true,"href":"https:\/\/floracion.es\/de\/wp-json\/wp\/v2\/tags?post=3304"}],"curies":[{"name":"wp","href":"https:\/\/api.w.org\/{rel}","templated":true}]}}