{"id":3298,"date":"2024-08-05T12:51:29","date_gmt":"2024-08-05T10:51:29","guid":{"rendered":"https:\/\/floracion.es\/?p=3298"},"modified":"2024-08-05T12:53:10","modified_gmt":"2024-08-05T10:53:10","slug":"el-festival-lalavand-de-la-lavanda-de-moratalla-acoge-el-tour-colores-y-sabores-de-espana","status":"publish","type":"post","link":"https:\/\/floracion.es\/de\/das-lavendelfestival-moratalla-ist-gastgeber-der-tour-farben-und-aromen-spaniens\/","title":{"rendered":"Beim Lalavand-Lavendel-Festival von Moratalla findet die Tour \u201eFarben und Aromen Spaniens\u201c statt."},"content":{"rendered":"<div data-elementor-type=\"wp-post\" data-elementor-id=\"3298\" class=\"elementor elementor-3298\" data-elementor-post-type=\"post\">\n\t\t\t\t<div data-particle_enable=\"false\" data-particle-mobile-disabled=\"false\" class=\"elementor-element elementor-element-191cbf2 e-flex e-con-boxed e-con e-parent\" data-id=\"191cbf2\" data-element_type=\"container\" data-settings=\"{&quot;jet_parallax_layout_list&quot;:[]}\">\n\t\t\t\t\t<div class=\"e-con-inner\">\n\t\t\t\t<div class=\"elementor-element elementor-element-be615ad elementor-widget elementor-widget-text-editor\" data-id=\"be615ad\" data-element_type=\"widget\" data-widget_type=\"text-editor.default\">\n\t\t\t\t<div class=\"elementor-widget-container\">\n\t\t\t\t\t\t\t\t\t<p><span>Als n\u00e4chstes wird der Bezirk El Sabinar in Moratalla (Murcia) hinzukommen <\/span><b>Samstag, 17. August<\/b><span> darin <\/span><b>Epizentrum der spanischen Bl\u00fcte.<\/b><span> Gastgeber ist die Stadt <\/span><b>Tour zu den Farben und Aromen Spaniens<\/b><span> mit einer Ausstellung, einem Fotowettbewerb und einem Pop-Rock-Konzert im Rahmen einer Initiative im Rahmen des Agrotourismus-Projekts <\/span><b>\u201eErleben Sie Spanien in voller Bl\u00fcte\u201c<\/b><span> (<\/span><a href=\"https:\/\/floracion.es\/de\/\"><span>www.floracion.es<\/span><\/a><span>), vom Ministerium f\u00fcr Industrie, Handel und Tourismus als eines der innovativsten Erlebnisse des Landes mit europ\u00e4ischen Mitteln aus dem Wiederherstellungs-, Transformations- und Resilienzplan ausgew\u00e4hlt.\u00a0<\/span><\/p><p><span style=\"font-weight: 400;\">Ihr Hauptziel besteht darin, die Blumen des Landes als Touristenattraktion und die Qualit\u00e4t seiner Agrar- und Lebensmittelprodukte zu f\u00f6rdern. Seit M\u00e4rz, als die Kampagne begann, hat sie verschiedene Blumen in Spanien besucht: Navarra (Bl\u00fcte der Schlehe), Comarca de la Sidra de Asturias (Bl\u00fcte des Apfelbaums) und Sierra de Gredos de \u00c1vila (Bl\u00fcte des Piorno). Der Stadtrat von Moratalla mit seinen <\/span><a href=\"https:\/\/floracion.es\/de\/lavendelblute\/blute-in-moratalla\/\"><span style=\"font-weight: 400;\">Lalavand-Festival<\/span><\/a><span style=\"font-weight: 400;\"> ist dem Projekt beigef\u00fcgt\u00a0<\/span><\/p><p><b>Wanderinterpretationszentrum<\/b><\/p><p><span style=\"font-weight: 400;\">Der Tag beginnt um 11:30 Uhr mit der Einweihung des Interpretationszentrums f\u00fcr die Bl\u00fcten Spaniens, das in Anwesenheit des B\u00fcrgermeisters von Moratalla, Juan Pascual Soria, im Freien ausgestellt wird. Das Zentrum verf\u00fcgt \u00fcber Lehrmaterial in verschiedenen Medien, in dem die verschiedenen Bl\u00fctenpracht Spaniens vorgestellt wird, darunter auch die Bl\u00fcte des Lavendels von Moratalla. Dar\u00fcber hinaus wird in diesem Sommer ein per Drohne aufgenommenes Video mit Bildern des Moratalla-Lavendels projiziert, das zur Werbung f\u00fcr diese Touristenattraktion dienen soll.<\/span><\/p><p><span style=\"font-weight: 400;\">Am Abend ist ab 21 Uhr die Musikgruppe \u201eIndiscretos\u201c an der Reihe, die mit Pop- und Rockversionen aus den Achtzigern und Neunzigern die Teilnehmer der Aktivit\u00e4ten der \u201eTour Colores y Sabores\u201c zum Feiern animieren wird Genie\u00dfen Sie die angenehmen Temperaturen der Augustn\u00e4chte in Moratalla.<\/span><\/p><p><span style=\"font-weight: 400;\">Das Team von Agromarketing Spain (www.agromarketing.es), das das Projekt Spain in Blooming koordiniert, wird den Tag nutzen, um die Aktivit\u00e4ten aufzuzeichnen und Interviews mit Nachbarn und Besuchern der Veranstaltung zu f\u00fchren.<\/span><\/p><p><span style=\"font-weight: 400;\">Die \u201eColors and Flavours of Spain Tour\u201c ist Teil eines ehrgeizigen Aktivit\u00e4tenprogramms, das am 15. Juni begann und bis zum 28. September dauern wird. In diesem Link k\u00f6nnen Sie <\/span><a href=\"https:\/\/floracion.es\/wp-content\/uploads\/2024\/06\/Lalavand-2024.pdf\"><span style=\"font-weight: 400;\">\u00dcberpr\u00fcfen Sie den Zeitplan<\/span><\/a><\/p><p><span style=\"font-weight: 400;\"><br \/><br \/><\/span><\/p>\t\t\t\t\t\t\t\t<\/div>\n\t\t\t\t<\/div>\n\t\t\t\t\t<\/div>\n\t\t\t\t<\/div>\n\t\t<div data-particle_enable=\"false\" data-particle-mobile-disabled=\"false\" class=\"elementor-element elementor-element-7b5c438 e-flex e-con-boxed e-con e-parent\" data-id=\"7b5c438\" data-element_type=\"container\" data-settings=\"{&quot;jet_parallax_layout_list&quot;:[]}\">\n\t\t\t\t\t<div class=\"e-con-inner\">\n\t\t\t\t\t<\/div>\n\t\t\t\t<\/div>\n\t\t<div data-particle_enable=\"false\" data-particle-mobile-disabled=\"false\" class=\"elementor-element elementor-element-3b5cf83 e-flex e-con-boxed e-con e-parent\" data-id=\"3b5cf83\" data-element_type=\"container\" data-settings=\"{&quot;jet_parallax_layout_list&quot;:[]}\">\n\t\t\t\t\t<div class=\"e-con-inner\">\n\t\t\t\t\t<\/div>\n\t\t\t\t<\/div>\n\t\t\t\t<\/div>","protected":false},"excerpt":{"rendered":"<p>Der Bezirk El Sabinar in Moratalla (Murcia) wird am kommenden Samstag, den 17. August, zum Epizentrum der Blumenbl\u00fcte in Spanien. Die Stadt wird im Rahmen einer Initiative im Rahmen des Agrotourismus-Projekts [\u2026] Gastgeber der Tour \u201eFarben und Aromen Spaniens\u201c mit einer Ausstellung, einem Fotowettbewerb und einem Pop-Rock-Konzert sein.<\/p>","protected":false},"author":6,"featured_media":3267,"comment_status":"open","ping_status":"open","sticky":false,"template":"","format":"standard","meta":{"footnotes":""},"categories":[1],"tags":[],"class_list":["post-3298","post","type-post","status-publish","format-standard","has-post-thumbnail","hentry","category-floracion-en-espana"],"_links":{"self":[{"href":"https:\/\/floracion.es\/de\/wp-json\/wp\/v2\/posts\/3298","targetHints":{"allow":["GET"]}}],"collection":[{"href":"https:\/\/floracion.es\/de\/wp-json\/wp\/v2\/posts"}],"about":[{"href":"https:\/\/floracion.es\/de\/wp-json\/wp\/v2\/types\/post"}],"author":[{"embeddable":true,"href":"https:\/\/floracion.es\/de\/wp-json\/wp\/v2\/users\/6"}],"replies":[{"embeddable":true,"href":"https:\/\/floracion.es\/de\/wp-json\/wp\/v2\/comments?post=3298"}],"version-history":[{"count":4,"href":"https:\/\/floracion.es\/de\/wp-json\/wp\/v2\/posts\/3298\/revisions"}],"predecessor-version":[{"id":3302,"href":"https:\/\/floracion.es\/de\/wp-json\/wp\/v2\/posts\/3298\/revisions\/3302"}],"wp:featuredmedia":[{"embeddable":true,"href":"https:\/\/floracion.es\/de\/wp-json\/wp\/v2\/media\/3267"}],"wp:attachment":[{"href":"https:\/\/floracion.es\/de\/wp-json\/wp\/v2\/media?parent=3298"}],"wp:term":[{"taxonomy":"category","embeddable":true,"href":"https:\/\/floracion.es\/de\/wp-json\/wp\/v2\/categories?post=3298"},{"taxonomy":"post_tag","embeddable":true,"href":"https:\/\/floracion.es\/de\/wp-json\/wp\/v2\/tags?post=3298"}],"curies":[{"name":"wp","href":"https:\/\/api.w.org\/{rel}","templated":true}]}}