{"id":3280,"date":"2024-07-31T14:34:39","date_gmt":"2024-07-31T12:34:39","guid":{"rendered":"https:\/\/floracion.es\/?p=3280"},"modified":"2024-07-31T14:41:11","modified_gmt":"2024-07-31T12:41:11","slug":"benizarte-llega-al-festival-de-lalavand-de-moratala","status":"publish","type":"post","link":"https:\/\/floracion.es\/de\/benizarte-kommt-zum-lalavand-festival-in-moratala\/","title":{"rendered":"Benizarte kommt beim Lalavand Festival in Moratalla an"},"content":{"rendered":"<div data-elementor-type=\"wp-post\" data-elementor-id=\"3280\" class=\"elementor elementor-3280\" data-elementor-post-type=\"post\">\n\t\t\t\t<div data-particle_enable=\"false\" data-particle-mobile-disabled=\"false\" class=\"elementor-element elementor-element-191cbf2 e-flex e-con-boxed e-con e-parent\" data-id=\"191cbf2\" data-element_type=\"container\" data-settings=\"{&quot;jet_parallax_layout_list&quot;:[]}\">\n\t\t\t\t\t<div class=\"e-con-inner\">\n\t\t\t\t<div class=\"elementor-element elementor-element-be615ad elementor-widget elementor-widget-text-editor\" data-id=\"be615ad\" data-element_type=\"widget\" data-widget_type=\"text-editor.default\">\n\t\t\t\t<div class=\"elementor-widget-container\">\n\t\t\t\t\t\t\t\t\t<p>Die oberen Bezirke von Moratalla setzen das Programm des Moratalla Lavendelfestivals in einer der gebirgigsten St\u00e4dte, Benizar, fort.<\/p>\n<p>Am kommenden Samstag, 3. August, k\u00f6nnen die Besucher ab 21 Uhr ein authentisches Stra\u00dfenmuseum genie\u00dfen, das der Nachbarschaftsverband Benizar und Comarca und ASOCUBE mit gro\u00dfer Begeisterung und M\u00fche vorbereitet haben.<\/p>\n<p>Handwerker und K\u00fcnstler werden live dabei sein, in sch\u00f6nen Ecken und in verwinkelten Gassen als Ausstellungshalle zu gestalten.<\/p>\n<p>Benizarte bietet Workshops, Verkostungen lokaler Produkte, viel Kultur, viel Kunst und viel Magie in der K\u00fchle der maurischsten Nacht.<\/p>\n<p>Die Aktivit\u00e4t ist im Morata()-Projekt, Lavender Territory, verankert, das vom Stadtrat von Moratalla mit finanzieller Unterst\u00fctzung des Ministeriums f\u00fcr den \u00f6kologischen Wandel und die demografische Herausforderung entwickelt wurde.<\/p>\n<p>Weitere Informationen im Tourismusb\u00fcro von Moratalla.<\/p>\n<p><\/p>\t\t\t\t\t\t\t\t<\/div>\n\t\t\t\t<\/div>\n\t\t\t\t\t<\/div>\n\t\t\t\t<\/div>\n\t\t<div data-particle_enable=\"false\" data-particle-mobile-disabled=\"false\" class=\"elementor-element elementor-element-7b5c438 e-flex e-con-boxed e-con e-parent\" data-id=\"7b5c438\" data-element_type=\"container\" data-settings=\"{&quot;jet_parallax_layout_list&quot;:[]}\">\n\t\t\t\t\t<div class=\"e-con-inner\">\n\t\t\t\t\t<\/div>\n\t\t\t\t<\/div>\n\t\t<div data-particle_enable=\"false\" data-particle-mobile-disabled=\"false\" class=\"elementor-element elementor-element-3b5cf83 e-flex e-con-boxed e-con e-parent\" data-id=\"3b5cf83\" data-element_type=\"container\" data-settings=\"{&quot;jet_parallax_layout_list&quot;:[]}\">\n\t\t\t\t\t<div class=\"e-con-inner\">\n\t\t\t\t\t<\/div>\n\t\t\t\t<\/div>\n\t\t\t\t<\/div>","protected":false},"excerpt":{"rendered":"<p>Die oberen Bezirke von Moratalla setzen das Programm des Moratalla Lavendelfestivals in einer der gebirgigsten St\u00e4dte, Benizar, fort. Am kommenden Samstag, 3. August, k\u00f6nnen die Besucher ab 21 Uhr ein authentisches Stra\u00dfenmuseum genie\u00dfen, das der Verein mit gro\u00dfer Begeisterung und M\u00fche vorbereitet hat [\u2026]<\/p>","protected":false},"author":6,"featured_media":3281,"comment_status":"open","ping_status":"open","sticky":false,"template":"","format":"standard","meta":{"footnotes":""},"categories":[1],"tags":[],"class_list":["post-3280","post","type-post","status-publish","format-standard","has-post-thumbnail","hentry","category-floracion-en-espana"],"_links":{"self":[{"href":"https:\/\/floracion.es\/de\/wp-json\/wp\/v2\/posts\/3280","targetHints":{"allow":["GET"]}}],"collection":[{"href":"https:\/\/floracion.es\/de\/wp-json\/wp\/v2\/posts"}],"about":[{"href":"https:\/\/floracion.es\/de\/wp-json\/wp\/v2\/types\/post"}],"author":[{"embeddable":true,"href":"https:\/\/floracion.es\/de\/wp-json\/wp\/v2\/users\/6"}],"replies":[{"embeddable":true,"href":"https:\/\/floracion.es\/de\/wp-json\/wp\/v2\/comments?post=3280"}],"version-history":[{"count":8,"href":"https:\/\/floracion.es\/de\/wp-json\/wp\/v2\/posts\/3280\/revisions"}],"predecessor-version":[{"id":3289,"href":"https:\/\/floracion.es\/de\/wp-json\/wp\/v2\/posts\/3280\/revisions\/3289"}],"wp:featuredmedia":[{"embeddable":true,"href":"https:\/\/floracion.es\/de\/wp-json\/wp\/v2\/media\/3281"}],"wp:attachment":[{"href":"https:\/\/floracion.es\/de\/wp-json\/wp\/v2\/media?parent=3280"}],"wp:term":[{"taxonomy":"category","embeddable":true,"href":"https:\/\/floracion.es\/de\/wp-json\/wp\/v2\/categories?post=3280"},{"taxonomy":"post_tag","embeddable":true,"href":"https:\/\/floracion.es\/de\/wp-json\/wp\/v2\/tags?post=3280"}],"curies":[{"name":"wp","href":"https:\/\/api.w.org\/{rel}","templated":true}]}}