{"id":3261,"date":"2024-07-25T09:53:27","date_gmt":"2024-07-25T07:53:27","guid":{"rendered":"https:\/\/floracion.es\/?p=3261"},"modified":"2024-07-25T09:54:42","modified_gmt":"2024-07-25T07:54:42","slug":"las-cuadrillas-del-noroeste-murciano-se-reunen-en-su-xxxii-encuentro-entre-campos-de-lavanda-en-moratalla","status":"publish","type":"post","link":"https:\/\/floracion.es\/de\/die-crews-aus-dem-nordwesten-murcias-treffen-sich-zu-ihrem-32-treffen-inmitten-der-lavendelfelder-in-moratalla\/","title":{"rendered":"Die Gruppen aus dem Nordwesten von Murcia treffen sich zu ihrem XXXII. Treffen zwischen Lavendelfeldern in Moratalla"},"content":{"rendered":"<div data-elementor-type=\"wp-post\" data-elementor-id=\"3261\" class=\"elementor elementor-3261\" data-elementor-post-type=\"post\">\n\t\t\t\t<div data-particle_enable=\"false\" data-particle-mobile-disabled=\"false\" class=\"elementor-element elementor-element-191cbf2 e-flex e-con-boxed e-con e-parent\" data-id=\"191cbf2\" data-element_type=\"container\" data-settings=\"{&quot;jet_parallax_layout_list&quot;:[]}\">\n\t\t\t\t\t<div class=\"e-con-inner\">\n\t\t\t\t<div class=\"elementor-element elementor-element-be615ad elementor-widget elementor-widget-text-editor\" data-id=\"be615ad\" data-element_type=\"widget\" data-widget_type=\"text-editor.default\">\n\t\t\t\t<div class=\"elementor-widget-container\">\n\t\t\t\t\t\t\t\t\t<p><span style=\"font-weight: 400;\">Das Programm von Lalavand, dem Moratalla-Lavendel-Festival, wird mit einer der am meisten erwarteten und einzigartigen Veranstaltungen fortgesetzt: dem XXXII. Gruppentreffen im Nordwesten von Murcia, das am kommenden Samstag, dem 27. Juli, im Herzen der aromatischen Kulturen stattfinden wird. des Campo de San Juan de Moratalla.<\/span><\/p><p><span style=\"font-weight: 400;\">\u00a0<\/span><\/p><p><span style=\"font-weight: 400;\">Die Veranstaltung wird von Animeros del Campo de San Juan, El Sabinar und Calar de la Santa organisiert und findet ab 20:00 Uhr auf der Promenade neben dem Restaurant El Cortijo statt.<\/span><\/p><p><span style=\"font-weight: 400;\">\u00a0<\/span><\/p><p><span style=\"font-weight: 400;\">Es ist ein neuer Termin, um Folklore und Sommern\u00e4chte voller Essenz, Musik, Tanz und Tradition zu genie\u00dfen.<\/span><\/p><p><span style=\"font-weight: 400;\">\u00a0<\/span><\/p><p><span style=\"font-weight: 400;\">Das Treffen ist Teil des Morata()-Projekts \u201eLavender Territory\u201c, das vom Stadtrat von Moratalla mit finanzieller Unterst\u00fctzung des Ministeriums f\u00fcr den \u00f6kologischen Wandel und die demografische Herausforderung entwickelt wurde. Weitere Informationen erhalten Interessierte im Tourismusb\u00fcro von Moratalla.<\/span><\/p><p>\u00a0<\/p>\t\t\t\t\t\t\t\t<\/div>\n\t\t\t\t<\/div>\n\t\t\t\t\t<\/div>\n\t\t\t\t<\/div>\n\t\t<div data-particle_enable=\"false\" data-particle-mobile-disabled=\"false\" class=\"elementor-element elementor-element-7b5c438 e-flex e-con-boxed e-con e-parent\" data-id=\"7b5c438\" data-element_type=\"container\" data-settings=\"{&quot;jet_parallax_layout_list&quot;:[]}\">\n\t\t\t\t\t<div class=\"e-con-inner\">\n\t\t\t\t\t<\/div>\n\t\t\t\t<\/div>\n\t\t<div data-particle_enable=\"false\" data-particle-mobile-disabled=\"false\" class=\"elementor-element elementor-element-3b5cf83 e-flex e-con-boxed e-con e-parent\" data-id=\"3b5cf83\" data-element_type=\"container\" data-settings=\"{&quot;jet_parallax_layout_list&quot;:[]}\">\n\t\t\t\t\t<div class=\"e-con-inner\">\n\t\t\t\t\t<\/div>\n\t\t\t\t<\/div>\n\t\t\t\t<\/div>","protected":false},"excerpt":{"rendered":"<p>Das Programm von Lalavand, dem Moratalla-Lavendel-Festival, wird mit einer der am meisten erwarteten und einzigartigen Veranstaltungen fortgesetzt: dem XXXII. Gruppentreffen im Nordwesten von Murcia, das am kommenden Samstag, dem 27. Juli, im Herzen der aromatischen Kulturen stattfinden wird. des Campo de San Juan de Moratalla.  Er [\u2026]<\/p>","protected":false},"author":6,"featured_media":3262,"comment_status":"open","ping_status":"open","sticky":false,"template":"","format":"standard","meta":{"footnotes":""},"categories":[1],"tags":[],"class_list":["post-3261","post","type-post","status-publish","format-standard","has-post-thumbnail","hentry","category-floracion-en-espana"],"_links":{"self":[{"href":"https:\/\/floracion.es\/de\/wp-json\/wp\/v2\/posts\/3261","targetHints":{"allow":["GET"]}}],"collection":[{"href":"https:\/\/floracion.es\/de\/wp-json\/wp\/v2\/posts"}],"about":[{"href":"https:\/\/floracion.es\/de\/wp-json\/wp\/v2\/types\/post"}],"author":[{"embeddable":true,"href":"https:\/\/floracion.es\/de\/wp-json\/wp\/v2\/users\/6"}],"replies":[{"embeddable":true,"href":"https:\/\/floracion.es\/de\/wp-json\/wp\/v2\/comments?post=3261"}],"version-history":[{"count":4,"href":"https:\/\/floracion.es\/de\/wp-json\/wp\/v2\/posts\/3261\/revisions"}],"predecessor-version":[{"id":3266,"href":"https:\/\/floracion.es\/de\/wp-json\/wp\/v2\/posts\/3261\/revisions\/3266"}],"wp:featuredmedia":[{"embeddable":true,"href":"https:\/\/floracion.es\/de\/wp-json\/wp\/v2\/media\/3262"}],"wp:attachment":[{"href":"https:\/\/floracion.es\/de\/wp-json\/wp\/v2\/media?parent=3261"}],"wp:term":[{"taxonomy":"category","embeddable":true,"href":"https:\/\/floracion.es\/de\/wp-json\/wp\/v2\/categories?post=3261"},{"taxonomy":"post_tag","embeddable":true,"href":"https:\/\/floracion.es\/de\/wp-json\/wp\/v2\/tags?post=3261"}],"curies":[{"name":"wp","href":"https:\/\/api.w.org\/{rel}","templated":true}]}}