{"id":3236,"date":"2024-07-17T12:04:36","date_gmt":"2024-07-17T10:04:36","guid":{"rendered":"https:\/\/floracion.es\/?p=3236"},"modified":"2024-07-17T12:10:22","modified_gmt":"2024-07-17T10:10:22","slug":"aitona-celebra-el-fruiturisme-con-las-jornadas-de-recogida-de-la-fruta-de-sus-padrinos","status":"publish","type":"post","link":"https:\/\/floracion.es\/de\/aitona-feiert-obsttourismus-mit-den-obsterntetagen-ihrer-paten\/","title":{"rendered":"Aitona feiert Fruiturisme mit den Tagen, an denen sie die Fr\u00fcchte ihrer Paten sammelt"},"content":{"rendered":"<div data-elementor-type=\"wp-post\" data-elementor-id=\"3236\" class=\"elementor elementor-3236\" data-elementor-post-type=\"post\">\n\t\t\t\t<div data-particle_enable=\"false\" data-particle-mobile-disabled=\"false\" class=\"elementor-element elementor-element-191cbf2 e-flex e-con-boxed e-con e-parent\" data-id=\"191cbf2\" data-element_type=\"container\" data-settings=\"{&quot;jet_parallax_layout_list&quot;:[]}\">\n\t\t\t\t\t<div class=\"e-con-inner\">\n\t\t\t\t<div class=\"elementor-element elementor-element-be615ad elementor-widget elementor-widget-text-editor\" data-id=\"be615ad\" data-element_type=\"widget\" data-widget_type=\"text-editor.default\">\n\t\t\t\t<div class=\"elementor-widget-container\">\n\t\t\t\t\t\t\t\t\t<p><span style=\"font-weight: 400;\">Dutzende Menschen aus verschiedenen Teilen Spaniens beteiligten sich an den vergangenen Juliwochenenden an der Touristenaktion zur Ernte der Fr\u00fcchte. Jeder konnte rote Pfirsiche, flache Pfirsiche und Nektarinen von den B\u00e4umen pfl\u00fccken, die er gesponsert hatte. Diese vom Stadtrat gef\u00f6rderte Initiative zielt darauf ab, Fruiturisme \u00fcber das Schauspiel der Bl\u00fcte der B\u00e4ume hinaus saisonunabh\u00e4ngig zu machen.&nbsp;<\/span><\/p>\n<p><span style=\"font-weight: 400;\">Jeder Teilnehmer zahlt 50 Euro f\u00fcr das Patenpaket, das einen Besuch der Bauernh\u00f6fe mit den Bauern, die 8 Kilo Obst, die er selbst vom Baum pfl\u00fcckt und mit nach Hause nimmt, ein Fr\u00fchst\u00fcck f\u00fcr zwei Personen, Eintritt in die Schwimmb\u00e4der, u. a. beinhaltet Strohhut und die M\u00f6glichkeit einer Stadtf\u00fchrung. l<\/span><\/p>\n<p><span style=\"font-weight: 400;\">Mit der Initiative zum Sammeln der Fr\u00fcchte m\u00f6chte er das Bl\u00fctenerlebnis auf andere Jahreszeiten ausdehnen.&nbsp;<\/span><\/p>\n<p><span style=\"font-weight: 400;\">Einer der Besucher aus L&#039;Ampolla versicherte, dass \u201ees ein perfekter Tag war und die Guides uns bei der Auswahl der besten St\u00fccke sehr geholfen haben\u201c, sagte er. In diesem Sinne erkl\u00e4rten Teresa und Maria Jos\u00e9, Bewohner von Viladecavalls, dass sie diese Erfahrung gemacht h\u00e4tten und ermutigten andere, vorbeizukommen und Fr\u00fcchte zu pfl\u00fccken. \u201eWir werden es auf jeden Fall wiederholen\u201c, betonten sie.<\/span><\/p>\n<p><b>Pioniergemeinde<\/b><\/p>\n<p><span style=\"font-weight: 400;\">Agromarketing reiste nach Aitona, um ein Arbeitstreffen mit der B\u00fcrgermeisterin von Aitona, Rosa Pujol, und der Tourismustechnikerin Bea Obis \u00fcber die Entwicklung des Agrotourismusprojekts \u201eSpanien in Floraci\u00f3n\u201c abzuhalten und Erfahrungen auszutauschen.<\/span><\/p>\n<p><span style=\"font-weight: 400;\">\u201eAitona ist eine Pioniergemeinde bei Aktivit\u00e4ten rund um die Bl\u00fcte und ein Vorbild, dem man folgen sollte, denn die Dinge, die hier gemacht werden, k\u00f6nnen auf andere Gebiete mit \u00e4hnlicher Bl\u00fcte \u00fcbertragen werden\u201c, erkl\u00e4rte Antonio, der Verantwortliche des Agrotourismusprojekts Spain in Flowering . Heilige.&nbsp;<\/span><\/p>\n<p><span style=\"font-weight: 400;\">Er betonte, dass die Bauern als F\u00fchrer \u201edas Projekt viel authentischer und pers\u00f6nlicher machen, weil der Tourist die Dinge so sehen m\u00f6chte, wie sie sind\u201c, sagte er. Sie erinnerte daran, dass die Mehrheit der Reisef\u00fchrer Frauen seien und \u201edas ist sehr wichtig, weil Obsttourismus viele M\u00f6glichkeiten f\u00fcr Frauen in l\u00e4ndlichen Gebieten schaffen und Tourismus nicht nur in der Bl\u00fctezeit, sondern das ganze Jahr \u00fcber schaffen kann\u201c, sagte sie.<\/span><\/p>\t\t\t\t\t\t\t\t<\/div>\n\t\t\t\t<\/div>\n\t\t\t\t\t<\/div>\n\t\t\t\t<\/div>\n\t\t<div data-particle_enable=\"false\" data-particle-mobile-disabled=\"false\" class=\"elementor-element elementor-element-7b5c438 e-flex e-con-boxed e-con e-parent\" data-id=\"7b5c438\" data-element_type=\"container\" data-settings=\"{&quot;jet_parallax_layout_list&quot;:[]}\">\n\t\t\t\t\t<div class=\"e-con-inner\">\n\t\t\t\t<div class=\"elementor-element elementor-element-be2ee98 elementor-widget elementor-widget-image\" data-id=\"be2ee98\" data-element_type=\"widget\" data-widget_type=\"image.default\">\n\t\t\t\t<div class=\"elementor-widget-container\">\n\t\t\t\t\t\t\t\t\t\t\t\t\t\t\t<img fetchpriority=\"high\" decoding=\"async\" width=\"800\" height=\"675\" src=\"https:\/\/floracion.es\/wp-content\/uploads\/2024\/07\/ReunionAlcaldesaaitona1-1024x864.jpg\" class=\"attachment-large size-large wp-image-3245\" alt=\"\" srcset=\"https:\/\/floracion.es\/wp-content\/uploads\/2024\/07\/ReunionAlcaldesaaitona1-1024x864.jpg 1024w, https:\/\/floracion.es\/wp-content\/uploads\/2024\/07\/ReunionAlcaldesaaitona1-300x253.jpg 300w, https:\/\/floracion.es\/wp-content\/uploads\/2024\/07\/ReunionAlcaldesaaitona1-768x648.jpg 768w, https:\/\/floracion.es\/wp-content\/uploads\/2024\/07\/ReunionAlcaldesaaitona1.jpg 1178w\" sizes=\"(max-width: 800px) 100vw, 800px\" \/>\t\t\t\t\t\t\t\t\t\t\t\t\t\t\t<\/div>\n\t\t\t\t<\/div>\n\t\t\t\t\t<\/div>\n\t\t\t\t<\/div>\n\t\t\t\t<\/div>","protected":false},"excerpt":{"rendered":"<p>Dutzende Menschen aus verschiedenen Teilen Spaniens nahmen am vergangenen Juliwochenende an der touristischen Obsterntekampagne teil. Jeder durfte von den B\u00e4umen, die er gesponsert hatte, rote Pfirsiche, Plattpfirsiche und Nektarinen pfl\u00fccken. Diese vom Stadtrat gef\u00f6rderte Initiative zielt darauf ab, den Fruiturisme \u00fcber das Spektakel hinaus von der Saisonalit\u00e4t zu befreien [\u2026]<\/p>","protected":false},"author":6,"featured_media":3238,"comment_status":"open","ping_status":"open","sticky":false,"template":"","format":"standard","meta":{"footnotes":""},"categories":[1],"tags":[],"class_list":["post-3236","post","type-post","status-publish","format-standard","has-post-thumbnail","hentry","category-floracion-en-espana"],"_links":{"self":[{"href":"https:\/\/floracion.es\/de\/wp-json\/wp\/v2\/posts\/3236","targetHints":{"allow":["GET"]}}],"collection":[{"href":"https:\/\/floracion.es\/de\/wp-json\/wp\/v2\/posts"}],"about":[{"href":"https:\/\/floracion.es\/de\/wp-json\/wp\/v2\/types\/post"}],"author":[{"embeddable":true,"href":"https:\/\/floracion.es\/de\/wp-json\/wp\/v2\/users\/6"}],"replies":[{"embeddable":true,"href":"https:\/\/floracion.es\/de\/wp-json\/wp\/v2\/comments?post=3236"}],"version-history":[{"count":10,"href":"https:\/\/floracion.es\/de\/wp-json\/wp\/v2\/posts\/3236\/revisions"}],"predecessor-version":[{"id":3248,"href":"https:\/\/floracion.es\/de\/wp-json\/wp\/v2\/posts\/3236\/revisions\/3248"}],"wp:featuredmedia":[{"embeddable":true,"href":"https:\/\/floracion.es\/de\/wp-json\/wp\/v2\/media\/3238"}],"wp:attachment":[{"href":"https:\/\/floracion.es\/de\/wp-json\/wp\/v2\/media?parent=3236"}],"wp:term":[{"taxonomy":"category","embeddable":true,"href":"https:\/\/floracion.es\/de\/wp-json\/wp\/v2\/categories?post=3236"},{"taxonomy":"post_tag","embeddable":true,"href":"https:\/\/floracion.es\/de\/wp-json\/wp\/v2\/tags?post=3236"}],"curies":[{"name":"wp","href":"https:\/\/api.w.org\/{rel}","templated":true}]}}