{"id":3191,"date":"2024-06-25T10:29:57","date_gmt":"2024-06-25T08:29:57","guid":{"rendered":"https:\/\/floracion.es\/?p=3191"},"modified":"2024-06-25T16:28:02","modified_gmt":"2024-06-25T14:28:02","slug":"territorio-lavanda-de-moratalla-organiza-una-jornada-de-emprendimiento-con-las-aromaticas","status":"publish","type":"post","link":"https:\/\/floracion.es\/de\/das-lavendelgebiet-von-moratalla-organisiert-einen-unternehmertag-mit-aromatischen-krautern\/","title":{"rendered":"Territorio Lavanda de Moratalla organisiert einen Unternehmertag mit Aromen"},"content":{"rendered":"<div data-elementor-type=\"wp-post\" data-elementor-id=\"3191\" class=\"elementor elementor-3191\" data-elementor-post-type=\"post\">\n\t\t\t\t<div data-particle_enable=\"false\" data-particle-mobile-disabled=\"false\" class=\"elementor-element elementor-element-191cbf2 e-flex e-con-boxed e-con e-parent\" data-id=\"191cbf2\" data-element_type=\"container\" data-settings=\"{&quot;jet_parallax_layout_list&quot;:[]}\">\n\t\t\t\t\t<div class=\"e-con-inner\">\n\t\t\t\t<div class=\"elementor-element elementor-element-be615ad elementor-widget elementor-widget-text-editor\" data-id=\"be615ad\" data-element_type=\"widget\" data-widget_type=\"text-editor.default\">\n\t\t\t\t<div class=\"elementor-widget-container\">\n\t\t\t\t\t\t\t\t\t<p>Der Stadtrat von Moratalla organisiert in Zusammenarbeit mit INFO diesen Freitag, den 28. Juni, den DAY UP \u201eLAVANDA TERRITORY\u201c. WESENTLICHES UNTERNEHMERtum.\u201c Die Veranstaltung findet im Rock Art Center \u201eCasa de Cristo\u201c in Moratalla statt.<br \/><br \/>Ein Tag, der sich auf lokales Unternehmertum konzentriert und sich auf den Aromatensektor und die Aktivit\u00e4ten, Arbeitspl\u00e4tze und M\u00f6glichkeiten konzentriert, die ihn erg\u00e4nzen k\u00f6nnen. Dar\u00fcber hinaus haben die Teilnehmer die M\u00f6glichkeit, die Einrichtungen f\u00fcr \u00e4therische \u00d6le in Campo de B\u00e9jar zu besuchen und mit Experten \u00fcber die Bed\u00fcrfnisse und Probleme des unternehmerischen \u00d6kosystems des Lavanda-Territoriums zu sprechen und dar\u00fcber zu diskutieren.<br \/><br \/>Anmeldungen sind ab sofort unter folgendem Link m\u00f6glich: <a href=\"https:\/\/adkar.es\/\" target=\"_blank\" rel=\"noopener\">https:\/\/adkar.es\/<\/a><\/p>\t\t\t\t\t\t\t\t<\/div>\n\t\t\t\t<\/div>\n\t\t\t\t<div class=\"elementor-element elementor-element-4ff7ab6 elementor-align-center elementor-widget elementor-widget-button\" data-id=\"4ff7ab6\" data-element_type=\"widget\" data-widget_type=\"button.default\">\n\t\t\t\t<div class=\"elementor-widget-container\">\n\t\t\t\t\t\t\t\t\t<div class=\"elementor-button-wrapper\">\n\t\t\t\t\t<a class=\"elementor-button elementor-button-link elementor-size-sm\" href=\"https:\/\/floracion.es\/wp-content\/uploads\/2024\/06\/DAYUP-SENSACIONES.pdf\">\n\t\t\t\t\t\t<span class=\"elementor-button-content-wrapper\">\n\t\t\t\t\t\t\t\t\t<span class=\"elementor-button-text\">DAYUP-Programm<\/span>\n\t\t\t\t\t<\/span>\n\t\t\t\t\t<\/a>\n\t\t\t\t<\/div>\n\t\t\t\t\t\t\t\t<\/div>\n\t\t\t\t<\/div>\n\t\t\t\t\t<\/div>\n\t\t\t\t<\/div>\n\t\t\t\t<\/div>","protected":false},"excerpt":{"rendered":"<p>Der Stadtrat von Moratalla organisiert in Zusammenarbeit mit INFO an diesem Freitag, dem 28. Juni, den DAY UP \u201eTERRITORIO LAVANDA\u201c. \u201eESSENTIAL ENTREPRENEURSHIP\u201c. Die Veranstaltung findet im Felskunstzentrum \u201eCasa de Cristo\u201c in Moratalla statt. Ein Tag, der sich auf das lokale Unternehmertum konzentriert, mit Schwerpunkt auf dem Aromasektor und den damit verbundenen Aktivit\u00e4ten, Arbeitspl\u00e4tzen [\u2026]<\/p>","protected":false},"author":6,"featured_media":3197,"comment_status":"open","ping_status":"open","sticky":false,"template":"","format":"standard","meta":{"footnotes":""},"categories":[1],"tags":[],"class_list":["post-3191","post","type-post","status-publish","format-standard","has-post-thumbnail","hentry","category-floracion-en-espana"],"_links":{"self":[{"href":"https:\/\/floracion.es\/de\/wp-json\/wp\/v2\/posts\/3191","targetHints":{"allow":["GET"]}}],"collection":[{"href":"https:\/\/floracion.es\/de\/wp-json\/wp\/v2\/posts"}],"about":[{"href":"https:\/\/floracion.es\/de\/wp-json\/wp\/v2\/types\/post"}],"author":[{"embeddable":true,"href":"https:\/\/floracion.es\/de\/wp-json\/wp\/v2\/users\/6"}],"replies":[{"embeddable":true,"href":"https:\/\/floracion.es\/de\/wp-json\/wp\/v2\/comments?post=3191"}],"version-history":[{"count":4,"href":"https:\/\/floracion.es\/de\/wp-json\/wp\/v2\/posts\/3191\/revisions"}],"predecessor-version":[{"id":3196,"href":"https:\/\/floracion.es\/de\/wp-json\/wp\/v2\/posts\/3191\/revisions\/3196"}],"wp:featuredmedia":[{"embeddable":true,"href":"https:\/\/floracion.es\/de\/wp-json\/wp\/v2\/media\/3197"}],"wp:attachment":[{"href":"https:\/\/floracion.es\/de\/wp-json\/wp\/v2\/media?parent=3191"}],"wp:term":[{"taxonomy":"category","embeddable":true,"href":"https:\/\/floracion.es\/de\/wp-json\/wp\/v2\/categories?post=3191"},{"taxonomy":"post_tag","embeddable":true,"href":"https:\/\/floracion.es\/de\/wp-json\/wp\/v2\/tags?post=3191"}],"curies":[{"name":"wp","href":"https:\/\/api.w.org\/{rel}","templated":true}]}}