{"id":3051,"date":"2024-05-14T19:02:42","date_gmt":"2024-05-14T17:02:42","guid":{"rendered":"https:\/\/floracion.es\/?p=3051"},"modified":"2024-05-15T13:35:09","modified_gmt":"2024-05-15T11:35:09","slug":"el-festival-del-piorno-en-flor-de-la-sierra-de-gredos-acoge-el-tour-colores-y-sabores-de-espana","status":"publish","type":"post","link":"https:\/\/floracion.es\/de\/das-besenfestival-sierra-de-gredos-ist-gastgeber-der-tour-farben-und-aromen-spaniens\/","title":{"rendered":"Das bl\u00fchende Piorno-Festival in der Sierra de Gredos ist Gastgeber der \u201eColors and Flavours of Spain Tour\u201c"},"content":{"rendered":"<div data-elementor-type=\"wp-post\" data-elementor-id=\"3051\" class=\"elementor elementor-3051\" data-elementor-post-type=\"post\">\n\t\t\t\t<div data-particle_enable=\"false\" data-particle-mobile-disabled=\"false\" class=\"elementor-element elementor-element-191cbf2 e-flex e-con-boxed e-con e-parent\" data-id=\"191cbf2\" data-element_type=\"container\" data-settings=\"{&quot;jet_parallax_layout_list&quot;:[]}\">\n\t\t\t\t\t<div class=\"e-con-inner\">\n\t\t\t\t<div class=\"elementor-element elementor-element-be615ad elementor-widget elementor-widget-text-editor\" data-id=\"be615ad\" data-element_type=\"widget\" data-widget_type=\"text-editor.default\">\n\t\t\t\t<div class=\"elementor-widget-container\">\n\t\t\t\t\t\t\t\t\t<p>\u25cf Die Stadt Navalosa in Avila wird Gastgeber der Er\u00f6ffnungszeremonie des Festivals sein, dessen Aktivit\u00e4tenprogramm bis zum 24. Juni dauern wird. In diesem Zeitraum werden 65.000 Hektar durch die Pfingstrosenbl\u00fcte gelb angemalt. Das Festival feiert seinen dreizehnten Jahrestag und wird von Asenorg in Zusammenarbeit mit dem Provinzrat von \u00c1vila, den Verb\u00e4nden und den 50 Stadtr\u00e4ten der Region organisiert.<\/p><p>\u25cf Die Tour \u201eFarben und Aromen Spaniens\u201c beteiligt sich an der Einweihung des Wanderinterpretationszentrums Spanien in Florida, der Pr\u00e4sentation des nationalen Agrotourismusprojekts Spanien in Florida vor den Tourismusmanagern der Provinz und an ihrem Fotowettbewerb. Der Zeitplan kann unter eingesehen werden <a href=\"https:\/\/floracion.es\/de\/blute-in-der-sierra-de-gredos\/\">https:\/\/floracion.es\/floracion-en-sierra-de-gredos\/<\/a>.<\/p><p><strong>14-5-2024.- <\/strong>Diesen Freitag, den 17. Mai, findet die 13. Ausgabe des statt <strong>Piorno in Bloom Festival<\/strong> der Sierra de Gredos de \u00c1vila. Ein wahres Spektakel, das die 65.000 Hektar dieser gelben Wildblume hervorbringen, die eine ganze Region von 29 Gemeinden im n\u00f6rdlichen Teil von Gredos mit D\u00fcften und nachhaltigem Tourismus \u00fcberflutet. Und die Farben und Aromen Spaniens Tour des Agrotourismus-Projekts Erleben Sie Spanien in voller Bl\u00fcte (<a href=\"https:\/\/floracion.es\/de\/\">www.floracion.es<\/a>) wird der Protagonist bei der Einrichtung des Wanderinterpretationszentrums der Bl\u00fcten von Spanien f\u00fcr Ihren Besuch und der Pr\u00e4sentation des Projekts f\u00fcr die Verantwortlichen des Tourismussektors in der Provinz \u00c1vila sein.<\/p><p>Bis zum 24. Juni organisieren kleine Gemeinden Konzerte, Dekorations- und Tapas-Wettbewerbe, Wanderrouten oder literarische Zusammenk\u00fcnfte, die einen erheblichen Besucherstrom in die Region generieren. Die Initiative wird von der Gredos Norte Business Association (Asenorg) mit Unterst\u00fctzung des Provinzrats von \u00c1vila organisiert. Das umfangreiche Aktivit\u00e4tenprogramm kann unter eingesehen werden <a href=\"https:\/\/floracion.es\/de\/blute-in-der-sierra-de-gredos\/\">https:\/\/floracion.es\/floracion-en-sierra-de-gredos\/<\/a>.<\/p><p><strong>Einweihungsfeier<\/strong><\/p><p>In dieser Ausgabe wird das Piorno en Flor Festival die Teilnahme der Tour \u201eFarben und Aromen Spaniens\u201c beinhalten, einer Initiative im Rahmen des Agrotourismus-Projekts \u201eExperience Espa\u00f1a en Floraci\u00f3n\u201c, das vom Ministerium f\u00fcr Industrie, Handel und Tourismus als eines der Projekte ausgew\u00e4hlt wurde Erlebt die innovativsten Erfahrungen des Landes mit europ\u00e4ischen Mitteln aus dem Recovery, Transformation and Resilience Plan. Ihr Hauptziel besteht darin, die Bl\u00fctenpracht des Landes als Touristenattraktion und die Qualit\u00e4t seiner Agrar- und Ern\u00e4hrungsprodukte zu f\u00f6rdern. Der Provinzrat von \u00c1vila und Asenorg sind dem Projekt angeschlossen und sponsern die Colores y Sabores Tour.<\/p><p>Die Veranstaltungen beginnen am Freitag, 17. Mai, im Navalosa Schools Building (Avila). Um 12.00 Uhr findet die offizielle Er\u00f6ffnung des Festivals Piorno en Floraci\u00f3n statt, bei der auch das Wanderinterpretationszentrum Spaniens in Floraci\u00f3n eingeweiht wird, in dem mit Lehrmaterial in verschiedenen Tr\u00e4gern die verschiedenen Blumen Spaniens, darunter die Bl\u00fcte von Piorno. Eine Initiative, die die verschiedenen Gebiete des Landes bereist, um die Bl\u00fcte ihrer Pflanzen zu f\u00f6rdern.<\/p><p>Um 17:30 Uhr findet die Pr\u00e4sentation des nationalen Agrotourismus-Projekts Spain Experience in Blooming statt. Antonio Santos, Mitbegr\u00fcnder von Agromarketing Spain (<a href=\"http:\/\/www.agromarketing.es\" target=\"_blank\" rel=\"noopener\">www.agromarketing.es<\/a>) wird das Unternehmen, das das Projekt leitet, die Aktionen und M\u00f6glichkeiten von Espa\u00f1a en Floracion vor einer Veranstaltung erl\u00e4utern, an der B\u00fcrgermeister, lokale Entwicklungsbeauftragte und Tourismusr\u00e4te der Provinz \u00c1vila teilnehmen werden.<\/p><p>Dar\u00fcber hinaus haben Touristen und Besucher w\u00e4hrend des gesamten Festivals die M\u00f6glichkeit, bis zum 24. Juni Fotos von der Bl\u00fcte des Piorno oder den Aktivit\u00e4ten, die auf dem Festival stattfinden, an die Website zu senden <a href=\"https:\/\/floracion.es\/de\/\">www.floracion.es<\/a>. Sie nehmen an der Verlosung der T-Shirts und Sweatshirts von Spain in Bloom teil.<\/p><p>Das Team von Agromarketing Spain wird seinen Besuch in der Sierra de Gredos auch nutzen, um die bl\u00fchenden Orte per Drohne und 360 zu erfassen und Interviews mit Unternehmern und Verantwortlichen f\u00fcr den bl\u00fchenden Tourismus in der Sierra de Gredos zu f\u00fchren.<\/p><p>Die Tour \u201eFarben und Aromen\u201c begann im M\u00e4rz in Murcia und wurde w\u00e4hrend der Bl\u00fcte der Navarra-Schlehe fortgesetzt. Im April war die Apfelbaumbl\u00fcte in der Apfelweinregion Asturiens an der Reihe und die vierte Station ist in der Sierra de Gredos de \u00c1vila.<\/p>\t\t\t\t\t\t\t\t<\/div>\n\t\t\t\t<\/div>\n\t\t\t\t\t<\/div>\n\t\t\t\t<\/div>\n\t\t<div data-particle_enable=\"false\" data-particle-mobile-disabled=\"false\" class=\"elementor-element elementor-element-74c835c e-flex e-con-boxed e-con e-parent\" data-id=\"74c835c\" data-element_type=\"container\" data-settings=\"{&quot;jet_parallax_layout_list&quot;:[]}\">\n\t\t\t\t\t<div class=\"e-con-inner\">\n\t\t\t\t\t<\/div>\n\t\t\t\t<\/div>\n\t\t\t\t<\/div>","protected":false},"excerpt":{"rendered":"<p>\u25cf Die Stadt Navalosa in \u00c1vila wird Gastgeber der Er\u00f6ffnungszeremonie des Festivals sein, dessen Aktivit\u00e4tenprogramm bis zum 24. Juni dauert. In dieser Zeit werden 65.000 Hektar mit der gelben Ginsterbl\u00fcte bemalt. Das Festival feiert sein dreizehnj\u00e4hriges Bestehen und wird von Asenorg in Zusammenarbeit mit dem Provinzrat von \u00c1vila, den Verb\u00e4nden und [\u2026] organisiert.<\/p>","protected":false},"author":6,"featured_media":3052,"comment_status":"open","ping_status":"open","sticky":false,"template":"","format":"standard","meta":{"footnotes":""},"categories":[1],"tags":[],"class_list":["post-3051","post","type-post","status-publish","format-standard","has-post-thumbnail","hentry","category-floracion-en-espana"],"_links":{"self":[{"href":"https:\/\/floracion.es\/de\/wp-json\/wp\/v2\/posts\/3051","targetHints":{"allow":["GET"]}}],"collection":[{"href":"https:\/\/floracion.es\/de\/wp-json\/wp\/v2\/posts"}],"about":[{"href":"https:\/\/floracion.es\/de\/wp-json\/wp\/v2\/types\/post"}],"author":[{"embeddable":true,"href":"https:\/\/floracion.es\/de\/wp-json\/wp\/v2\/users\/6"}],"replies":[{"embeddable":true,"href":"https:\/\/floracion.es\/de\/wp-json\/wp\/v2\/comments?post=3051"}],"version-history":[{"count":10,"href":"https:\/\/floracion.es\/de\/wp-json\/wp\/v2\/posts\/3051\/revisions"}],"predecessor-version":[{"id":3080,"href":"https:\/\/floracion.es\/de\/wp-json\/wp\/v2\/posts\/3051\/revisions\/3080"}],"wp:featuredmedia":[{"embeddable":true,"href":"https:\/\/floracion.es\/de\/wp-json\/wp\/v2\/media\/3052"}],"wp:attachment":[{"href":"https:\/\/floracion.es\/de\/wp-json\/wp\/v2\/media?parent=3051"}],"wp:term":[{"taxonomy":"category","embeddable":true,"href":"https:\/\/floracion.es\/de\/wp-json\/wp\/v2\/categories?post=3051"},{"taxonomy":"post_tag","embeddable":true,"href":"https:\/\/floracion.es\/de\/wp-json\/wp\/v2\/tags?post=3051"}],"curies":[{"name":"wp","href":"https:\/\/api.w.org\/{rel}","templated":true}]}}