{"id":2977,"date":"2024-05-06T13:34:16","date_gmt":"2024-05-06T11:34:16","guid":{"rendered":"https:\/\/floracion.es\/?p=2977"},"modified":"2024-05-06T13:37:27","modified_gmt":"2024-05-06T11:37:27","slug":"la-floracion-del-manzano-de-la-comarca-de-la-sidra-participa-en-el-concurso-de-fotografia-espana-en-floracion","status":"publish","type":"post","link":"https:\/\/floracion.es\/de\/die-blute-des-apfelbaums-in-der-region-sidra-nimmt-am-spanischen-blutenfotowettbewerb-teil\/","title":{"rendered":"Die Bl\u00fcte des Apfelbaums in der Region Sidra nimmt am Fotowettbewerb \u201eSpain in Bloom\u201c teil"},"content":{"rendered":"<div data-elementor-type=\"wp-post\" data-elementor-id=\"2977\" class=\"elementor elementor-2977\" data-elementor-post-type=\"post\">\n\t\t\t\t<div data-particle_enable=\"false\" data-particle-mobile-disabled=\"false\" class=\"elementor-element elementor-element-191cbf2 e-flex e-con-boxed e-con e-parent\" data-id=\"191cbf2\" data-element_type=\"container\" data-settings=\"{&quot;jet_parallax_layout_list&quot;:[]}\">\n\t\t\t\t\t<div class=\"e-con-inner\">\n\t\t\t\t<div class=\"elementor-element elementor-element-8a5bad3 elementor-widget elementor-widget-image\" data-id=\"8a5bad3\" data-element_type=\"widget\" data-widget_type=\"image.default\">\n\t\t\t\t<div class=\"elementor-widget-container\">\n\t\t\t\t\t\t\t\t\t\t\t\t\t\t\t<img fetchpriority=\"high\" decoding=\"async\" width=\"800\" height=\"600\" src=\"https:\/\/floracion.es\/wp-content\/uploads\/2024\/05\/floracionmanzano7-1024x768.jpg\" class=\"attachment-large size-large wp-image-2979\" alt=\"\" srcset=\"https:\/\/floracion.es\/wp-content\/uploads\/2024\/05\/floracionmanzano7-1024x768.jpg 1024w, https:\/\/floracion.es\/wp-content\/uploads\/2024\/05\/floracionmanzano7-300x225.jpg 300w, https:\/\/floracion.es\/wp-content\/uploads\/2024\/05\/floracionmanzano7-768x576.jpg 768w, https:\/\/floracion.es\/wp-content\/uploads\/2024\/05\/floracionmanzano7-1536x1152.jpg 1536w, https:\/\/floracion.es\/wp-content\/uploads\/2024\/05\/floracionmanzano7-2048x1536.jpg 2048w\" sizes=\"(max-width: 800px) 100vw, 800px\" \/>\t\t\t\t\t\t\t\t\t\t\t\t\t\t\t<\/div>\n\t\t\t\t<\/div>\n\t\t\t\t<div class=\"elementor-element elementor-element-be615ad elementor-widget elementor-widget-text-editor\" data-id=\"be615ad\" data-element_type=\"widget\" data-widget_type=\"text-editor.default\">\n\t\t\t\t<div class=\"elementor-widget-container\">\n\t\t\t\t\t\t\t\t\t<ul>\n<li>Die asturischen Apfelweingemeinden Bimenes, Cabranes, Colunga, Nava, Sariego und Villaviciosa boten am 27. und 28. April ein komplettes Programm agrotouristischer Aktivit\u00e4ten an (www.lacomarcadelasidra.com).<\/li>\n<\/ul>\n<p>\u00a0<\/p>\n<ul>\n<li>Besucher konnten ihre Fotos von bl\u00fchenden Apfelb\u00e4umen an schicken <a href=\"https:\/\/floracion.es\/de\/\">bl\u00fchend.es<\/a> und gewinnen Sie ein Geschenkpaket aus Spanien in Floraci\u00f3n.<\/li>\n<\/ul>\n<p><strong>\u00a0<\/strong><\/p>\n<p>Die Apfelweinregion begr\u00fc\u00dfte den Fr\u00fchling mit einer der attraktivsten Veranstaltungen Asturiens, der Woche der Apfelbl\u00fcte. Ein wunderbares Naturschauspiel, das die Obstb\u00e4ume in rosa und wei\u00dfe Farben f\u00e4rbt und f\u00fcr das am 27. und 28. April ein umfangreiches Programm agrotouristischer Aktivit\u00e4ten organisiert wurde.<br \/><br \/>Dieses Jahr hatten Besucher als Neuheit die M\u00f6glichkeit, am Fotowettbewerb \u201eSpain in Bloom\u201c teilzunehmen, indem sie ihre besten Schnappsch\u00fcsse der bl\u00fchenden Apfelb\u00e4ume einsendeten <a href=\"https:\/\/floracion.es\/de\/\">www.floracion.es<\/a>. Sie konnten auch ihre Erfahrungen mit dem Wochenende der organisierten Aktivit\u00e4ten auswerten, um eine Studie \u00fcber das Profil des bl\u00fchenden Tourismusbesuchers zu entwickeln. Unter den Teilnehmern wird ein Geschenkpaket verlost.<br \/><br \/>Die Initiative ist Teil des Beitritts des Commonwealth der Sidra-Region und seiner Floraci\u00f3n del Manzano zum Agrotourismus-Projekt Club Espa\u00f1a en Floraci\u00f3n, das durch den Wiederherstellungs-, Transformations- und Resilienzplan der spanischen Regierung finanziert wird und auf die F\u00f6rderung und Umsetzung von Werten abzielt Erfahrungen im Zusammenhang mit dem bl\u00fchenden Tourismus und seinen Agrar- und Ern\u00e4hrungsprodukten im ganzen Land als neues Tourismusprodukt.<br \/><br \/><strong>Apfelweinrouten und -men\u00fcs<br \/><br \/><\/strong>Ein Agromarketing-Team (<a href=\"http:\/\/www.agromarketing.es\" target=\"_blank\" rel=\"noopener\">www.agromarketing.es<\/a>), verantwortlich f\u00fcr das Agrotourismus-Projekt Espa\u00f1a en Floraci\u00f3n (www.floracion.es), zog am Wochenende in die Region Sidra, wo er die organisierten Aktivit\u00e4ten wie Routen durch die bl\u00fchenden Apfelbaumfelder und einen Besuch in der Region genie\u00dfen konnte Besuchen Sie die Apfelweinkellerei von Cortina, um mehr \u00fcber die Besonderheiten der asturischen Apfelweinkultur zu erfahren, und besuchen Sie eine Werkstatt zur Herstellung von Schmuck aus Apfelweinabf\u00e4llen.<\/p>\n<p>Sie probierten einige der Spezialmen\u00fcs mit Apfel und Apfelwein als Protagonisten der an den Aktivit\u00e4ten teilnehmenden Restaurants wie Restaurante Entrevi\u00f1es und Restaurant des Palacio del Marqu\u00e9s de Casa Estrada, zu denen Gerichte wie Wangen in Apfelweinreduktion und Garnelen-Ceviche mit geh\u00f6rten Apfelb\u00e4ume oder der mit Milchreis gef\u00fcllte Apfel. All dies begleitet von der gU Sidra de Asturias.<br \/><br \/>Agromarketing beteiligte sich an den Aktivit\u00e4ten, indem es die Agrotourismus-Routen in 360\u00b0 aufzeichnete und Berichte und Interviews f\u00fchrte, um audiovisuelles Material \u00fcber die Bl\u00fcte des Apfelbaums f\u00fcr seine Werbung zusammenzustellen. Ebenso versuche ich, das Projekt Espa\u00f1a en Floraci\u00f3n unter den Besuchern der Floraci\u00f3n del Manzano bekannt zu machen.<\/p>\t\t\t\t\t\t\t\t<\/div>\n\t\t\t\t<\/div>\n\t\t\t\t\t<\/div>\n\t\t\t\t<\/div>\n\t\t<div data-particle_enable=\"false\" data-particle-mobile-disabled=\"false\" class=\"elementor-element elementor-element-74c835c e-flex e-con-boxed e-con e-parent\" data-id=\"74c835c\" data-element_type=\"container\" data-settings=\"{&quot;jet_parallax_layout_list&quot;:[]}\">\n\t\t\t\t\t<div class=\"e-con-inner\">\n\t\t\t\t\t<\/div>\n\t\t\t\t<\/div>\n\t\t\t\t<\/div>","protected":false},"excerpt":{"rendered":"<p>Die asturischen Apfelwein produzierenden Gemeinden Bimenes, Cabranes, Colunga, Nava, Sariego und Villaviciosa boten am 27. und 28. April ein komplettes Programm an Agrotourismus-Aktivit\u00e4ten an (www.lacomarcadelasidra.com).  Besucher konnten ihre Fotos von bl\u00fchenden Apfelb\u00e4umen an floracion.es senden und ein Geschenkpaket von Spain in Bloom gewinnen.  Die Region [\u2026]<\/p>","protected":false},"author":6,"featured_media":2978,"comment_status":"open","ping_status":"open","sticky":false,"template":"","format":"standard","meta":{"footnotes":""},"categories":[1],"tags":[],"class_list":["post-2977","post","type-post","status-publish","format-standard","has-post-thumbnail","hentry","category-floracion-en-espana"],"_links":{"self":[{"href":"https:\/\/floracion.es\/de\/wp-json\/wp\/v2\/posts\/2977","targetHints":{"allow":["GET"]}}],"collection":[{"href":"https:\/\/floracion.es\/de\/wp-json\/wp\/v2\/posts"}],"about":[{"href":"https:\/\/floracion.es\/de\/wp-json\/wp\/v2\/types\/post"}],"author":[{"embeddable":true,"href":"https:\/\/floracion.es\/de\/wp-json\/wp\/v2\/users\/6"}],"replies":[{"embeddable":true,"href":"https:\/\/floracion.es\/de\/wp-json\/wp\/v2\/comments?post=2977"}],"version-history":[{"count":4,"href":"https:\/\/floracion.es\/de\/wp-json\/wp\/v2\/posts\/2977\/revisions"}],"predecessor-version":[{"id":2983,"href":"https:\/\/floracion.es\/de\/wp-json\/wp\/v2\/posts\/2977\/revisions\/2983"}],"wp:featuredmedia":[{"embeddable":true,"href":"https:\/\/floracion.es\/de\/wp-json\/wp\/v2\/media\/2978"}],"wp:attachment":[{"href":"https:\/\/floracion.es\/de\/wp-json\/wp\/v2\/media?parent=2977"}],"wp:term":[{"taxonomy":"category","embeddable":true,"href":"https:\/\/floracion.es\/de\/wp-json\/wp\/v2\/categories?post=2977"},{"taxonomy":"post_tag","embeddable":true,"href":"https:\/\/floracion.es\/de\/wp-json\/wp\/v2\/tags?post=2977"}],"curies":[{"name":"wp","href":"https:\/\/api.w.org\/{rel}","templated":true}]}}