{"id":2951,"date":"2024-04-22T19:13:40","date_gmt":"2024-04-22T17:13:40","guid":{"rendered":"https:\/\/floracion.es\/?p=2951"},"modified":"2024-04-22T19:16:48","modified_gmt":"2024-04-22T17:16:48","slug":"la-comarca-asturiana-de-la-sidra-presenta-la-programacion-de-la-floracion-del-manzano","status":"publish","type":"post","link":"https:\/\/floracion.es\/de\/die-asturische-apfelweinregion-prasentiert-das-apfelblutenprogramm\/","title":{"rendered":"Die Apfelweinregion Asturien pr\u00e4sentiert das Programm \u201eApfelbaumbl\u00fcte\u201c."},"content":{"rendered":"<div data-elementor-type=\"wp-post\" data-elementor-id=\"2951\" class=\"elementor elementor-2951\" data-elementor-post-type=\"post\">\n\t\t\t\t<div data-particle_enable=\"false\" data-particle-mobile-disabled=\"false\" class=\"elementor-element elementor-element-191cbf2 e-flex e-con-boxed e-con e-parent\" data-id=\"191cbf2\" data-element_type=\"container\" data-settings=\"{&quot;jet_parallax_layout_list&quot;:[]}\">\n\t\t\t\t\t<div class=\"e-con-inner\">\n\t\t\t\t<div class=\"elementor-element elementor-element-be615ad elementor-widget elementor-widget-text-editor\" data-id=\"be615ad\" data-element_type=\"widget\" data-widget_type=\"text-editor.default\">\n\t\t\t\t<div class=\"elementor-widget-container\">\n\t\t\t\t\t\t\t\t\t<p>Die Apfelweinregion bereitet sich mit einer der attraktivsten Veranstaltungen Asturiens, der Woche der Apfelbl\u00fcte, auf den Fr\u00fchling vor. Dieses wunderbare Naturschauspiel, das die Obstb\u00e4ume mit den rosa und wei\u00dfen Farben ihrer Bl\u00fctenbl\u00e4tter f\u00e4rbt, wird am 27. und 28. April ein Genuss f\u00fcr die Sinne sein.<\/p><p>An zwei intensiven Tagen bieten die sechs asturischen Apfelweingemeinden Bimenes, Cabranes, Colunga, Nava, Sariego und Villaviciosa ein umfassendes Programm an Aktivit\u00e4ten, um am letzten Aprilwochenende Hunderte von Besuchern anzulocken. Die Veranstaltung wurde letzten Freitag in einer wundersch\u00f6nen bl\u00fchenden Pumarada in der Gemeinde Nava pr\u00e4sentiert, den verschiedenen B\u00fcrgermeistern der Sidra-Region unter der Leitung des Pr\u00e4sidenten der K\u00f6rperschaft, Juan Antonio Gonz\u00e1lez, sowie den Verantwortlichen des Regulierungsrates f\u00fcr die Herkunftsbezeichnung \u201eSidra de Asturias\u201c von der Genossenschaft Campoastur des Regionalen Forschungs- und Entwicklungsdienstes f\u00fcr Agrar- und Ern\u00e4hrungswirtschaft (Serida). Neben Bego\u00f1a L\u00f3pez, Generaldirektorin f\u00fcr Landwirtschaft, Agrarindustrie und l\u00e4ndliche Entwicklung des F\u00fcrstentums Asturien.<\/p><p>Am Wochenende k\u00f6nnen Sie zwischen bl\u00fchenden Apfelb\u00e4umen spazieren gehen und die Natur rund um die Pumaradas interpretieren, Apfelweinjuwelen in Jura-L\u00e4ndern sowie Seifen mit Apfelessenz herstellen oder zu einer Apfelweinpresse pilgern, um alle Besonderheiten der asturischen Apfelweinkultur zu entdecken. .<\/p><p>Um das Erlebnis abzurunden, bieten zahlreiche Restaurants in der Region spezielle Men\u00fcs mit \u00c4pfeln und Apfelwein als Protagonisten an. Die G\u00e4ste k\u00f6nnen interessante Hauptgerichte wie Wangen in Apfelweinreduktion oder Garnelen-Ceviche mit Apfel sowie s\u00fc\u00dfe Desserts wie unter anderem karamellisierten French Toast mit Apfelweinsorbet oder mit Milchreis gef\u00fcllte \u00c4pfel probieren.<\/p><p>All dies begleitet von Apfelwein mit der gesch\u00fctzten Ursprungsbezeichnung \u201eSidra de Asturias\u201c. Dies wird wiederum durch spezielle Erm\u00e4\u00dfigungen auf den Besuch erg\u00e4nzt, die einige Museen und Ausstellungszentren in der Region den G\u00e4sten dieser \u201eApfelweinmen\u00fcs\u201c anbieten.<\/p><p><strong>Spanisches Clubmitglied in voller Bl\u00fcte<\/strong><\/p><p>Highlight als Neuheit in diesem Jahr ist die Integration der Bl\u00fcte des Apfelbaums in den Club \u201eSpanien im Bl\u00fchen\u201c. Eine Initiative, die durch den Wiederherstellungs-, Transformations- und Resilienzplan der spanischen Regierung finanziert wird und darauf abzielt, Erfahrungen im Zusammenhang mit Agrar-, Lebensmittel- und Blumentourismus zu f\u00f6rdern und aufzuwerten. Wie im Fall der Apfelweinregion, die seit 15 Jahren bl\u00fcht und mit diesem Projekt nun den Werberaum mit anderen auf dem Staatsgebiet teilt, beispielsweise mit denen des Brihuega-Lavendels (Kastilien-La Mancha); unter anderem das der Sonnenblume in Carmona (Andalusien) oder das des Kirschbaums in Jerte (Extremadura).<\/p><p>Das Apple Tree Bloom-Programm ist f\u00fcr seine Entwicklung auf die Zusammenarbeit verschiedener Organisationen und Einrichtungen angewiesen, darunter der Regulierungsrat der Herkunftsbezeichnung \u201eSidra de Asturias\u201c, die Campoastur-Genossenschaft, das Jura-Museum von Asturien oder der Touristenclub \u201eSpanien\u201c. Bloom\u2018, unter anderem.<\/p><p>Um sich f\u00fcr Besuche anzumelden und weitere Informationen zu erhalten, k\u00f6nnen Sie auf die Website zugreifen <a href=\"http:\/\/www.lacomarcadelasidra.com\" target=\"_blank\" rel=\"noopener\">www.lacomarcadelasidra.com<\/a>.<\/p><p>Am Wochenende k\u00f6nnen Interessierte am Fotowettbewerb \u201eSpanien in voller Bl\u00fcte\u201c teilnehmen, indem sie \u00fcber die Website www.floracion.es Fotos von ihren Erlebnissen mit den bl\u00fchenden Apfelb\u00e4umen einsenden. Unter allen eingesandten Fotos wird ein Geschenkpaket \u201eSpain in Bloom\u201c verlost.<\/p>\t\t\t\t\t\t\t\t<\/div>\n\t\t\t\t<\/div>\n\t\t\t\t\t<\/div>\n\t\t\t\t<\/div>\n\t\t<div data-particle_enable=\"false\" data-particle-mobile-disabled=\"false\" class=\"elementor-element elementor-element-74c835c e-flex e-con-boxed e-con e-parent\" data-id=\"74c835c\" data-element_type=\"container\" data-settings=\"{&quot;jet_parallax_layout_list&quot;:[]}\">\n\t\t\t\t\t<div class=\"e-con-inner\">\n\t\t\t\t\t<\/div>\n\t\t\t\t<\/div>\n\t\t\t\t<\/div>","protected":false},"excerpt":{"rendered":"<p>Die Apfelweinregion bereitet sich darauf vor, den Fr\u00fchling mit einer der attraktivsten Veranstaltungen in Asturien zu begr\u00fc\u00dfen: der Apfelbl\u00fctenwoche. Dieses wunderbare Naturschauspiel, das die Obstb\u00e4ume mit der rosa und wei\u00dfen Farbe ihrer Bl\u00fctenbl\u00e4tter f\u00e4rbt, ist ein Genuss f\u00fcr die Sinne [\u2026]<\/p>","protected":false},"author":6,"featured_media":2953,"comment_status":"open","ping_status":"open","sticky":false,"template":"","format":"standard","meta":{"footnotes":""},"categories":[1],"tags":[],"class_list":["post-2951","post","type-post","status-publish","format-standard","has-post-thumbnail","hentry","category-floracion-en-espana"],"_links":{"self":[{"href":"https:\/\/floracion.es\/de\/wp-json\/wp\/v2\/posts\/2951","targetHints":{"allow":["GET"]}}],"collection":[{"href":"https:\/\/floracion.es\/de\/wp-json\/wp\/v2\/posts"}],"about":[{"href":"https:\/\/floracion.es\/de\/wp-json\/wp\/v2\/types\/post"}],"author":[{"embeddable":true,"href":"https:\/\/floracion.es\/de\/wp-json\/wp\/v2\/users\/6"}],"replies":[{"embeddable":true,"href":"https:\/\/floracion.es\/de\/wp-json\/wp\/v2\/comments?post=2951"}],"version-history":[{"count":7,"href":"https:\/\/floracion.es\/de\/wp-json\/wp\/v2\/posts\/2951\/revisions"}],"predecessor-version":[{"id":2959,"href":"https:\/\/floracion.es\/de\/wp-json\/wp\/v2\/posts\/2951\/revisions\/2959"}],"wp:featuredmedia":[{"embeddable":true,"href":"https:\/\/floracion.es\/de\/wp-json\/wp\/v2\/media\/2953"}],"wp:attachment":[{"href":"https:\/\/floracion.es\/de\/wp-json\/wp\/v2\/media?parent=2951"}],"wp:term":[{"taxonomy":"category","embeddable":true,"href":"https:\/\/floracion.es\/de\/wp-json\/wp\/v2\/categories?post=2951"},{"taxonomy":"post_tag","embeddable":true,"href":"https:\/\/floracion.es\/de\/wp-json\/wp\/v2\/tags?post=2951"}],"curies":[{"name":"wp","href":"https:\/\/api.w.org\/{rel}","templated":true}]}}