{"id":2865,"date":"2024-03-25T10:04:16","date_gmt":"2024-03-25T09:04:16","guid":{"rendered":"https:\/\/floracion.es\/?p=2865"},"modified":"2024-03-25T10:11:20","modified_gmt":"2024-03-25T09:11:20","slug":"desde-peralta-agromarketing-proyecta-espana-en-floracion-un-paseo-por-la-diversidad-cromatica-de-los-territorios","status":"publish","type":"post","link":"https:\/\/floracion.es\/de\/peralta-agromarketing-projiziert-spanien-in-blute-eine-tour-durch-die-chromatische-vielfalt-der-gebiete\/","title":{"rendered":"Von Peralta aus plant Agromarketing \u201eSpain in Bloom\u201c: ein Spaziergang durch die Farbvielfalt der Gebiete"},"content":{"rendered":"<div data-elementor-type=\"wp-post\" data-elementor-id=\"2865\" class=\"elementor elementor-2865\" data-elementor-post-type=\"post\">\n\t\t\t\t<div data-particle_enable=\"false\" data-particle-mobile-disabled=\"false\" class=\"elementor-element elementor-element-36e038e e-flex e-con-boxed e-con e-parent\" data-id=\"36e038e\" data-element_type=\"container\" data-settings=\"{&quot;jet_parallax_layout_list&quot;:[]}\">\n\t\t\t\t\t<div class=\"e-con-inner\">\n\t\t\t\t<div class=\"elementor-element elementor-element-bb456e3 elementor-widget elementor-widget-heading\" data-id=\"bb456e3\" data-element_type=\"widget\" data-widget_type=\"heading.default\">\n\t\t\t\t<div class=\"elementor-widget-container\">\n\t\t\t\t\t<h2 class=\"elementor-heading-title elementor-size-default\">Agromarketing pr\u00e4sentierte die \u201eColors and Flavours of Spain Tour\u201c in der Stadt Navarra, wo die Schlehen bl\u00fchen, mit einem Live-Konzert, Ausstellungen und Wettbewerben im Rahmen des Projekts \u201eSpain in Bloom\u201c.<\/h2>\t\t\t\t<\/div>\n\t\t\t\t<\/div>\n\t\t\t\t\t<\/div>\n\t\t\t\t<\/div>\n\t\t<div data-particle_enable=\"false\" data-particle-mobile-disabled=\"false\" class=\"elementor-element elementor-element-1c3fa01 e-flex e-con-boxed e-con e-parent\" data-id=\"1c3fa01\" data-element_type=\"container\" data-settings=\"{&quot;jet_parallax_layout_list&quot;:[]}\">\n\t\t\t\t\t<div class=\"e-con-inner\">\n\t\t\t\t<div class=\"elementor-element elementor-element-e420470 elementor-widget elementor-widget-text-editor\" data-id=\"e420470\" data-element_type=\"widget\" data-widget_type=\"text-editor.default\">\n\t\t\t\t<div class=\"elementor-widget-container\">\n\t\t\t\t\t\t\t\t\t<p><span style=\"font-weight: 400;\">Der Stopp in Peralta, der am 22. und 23. M\u00e4rz stattfand, beinhaltete mehrere Aktivit\u00e4ten, die Besucher anlocken und die Bedeutung der Schlehenbl\u00fcte hervorheben sollten. Darunter die Einweihung des \u201eWandernden Interpretationszentrums der Blumen Spaniens\u201c, das ein einzigartiges lehrreiches und sensorisches Erlebnis \u00fcber die verschiedenen Blumen im ganzen Land bietet.\u00a0<\/span><span style=\"font-weight: 400;\">Dar\u00fcber hinaus beinhaltete der Agromarketing-Vorschlag einen Auftritt der Gruppe L\u00fccky D\u00fcckes aus Murcia, der der Feier eine musikalische Dimension verlieh.<\/span><\/p><figure id=\"attachment_2869\" aria-describedby=\"caption-attachment-2869\" style=\"width: 1040px\" class=\"wp-caption aligncenter\"><img fetchpriority=\"high\" decoding=\"async\" class=\"wp-image-2869 size-full\" src=\"https:\/\/floracion.es\/wp-content\/uploads\/2024\/03\/5e486b24-c992-4955-9026-feebc25d8738.jpg\" alt=\"\" width=\"1040\" height=\"780\" srcset=\"https:\/\/floracion.es\/wp-content\/uploads\/2024\/03\/5e486b24-c992-4955-9026-feebc25d8738.jpg 1040w, https:\/\/floracion.es\/wp-content\/uploads\/2024\/03\/5e486b24-c992-4955-9026-feebc25d8738-300x225.jpg 300w, https:\/\/floracion.es\/wp-content\/uploads\/2024\/03\/5e486b24-c992-4955-9026-feebc25d8738-1024x768.jpg 1024w, https:\/\/floracion.es\/wp-content\/uploads\/2024\/03\/5e486b24-c992-4955-9026-feebc25d8738-768x576.jpg 768w\" sizes=\"(max-width: 1040px) 100vw, 1040px\" \/><figcaption id=\"caption-attachment-2869\" class=\"wp-caption-text\">Die murcianische Indie-Musikgruppe L\u00fccky D\u00fcckes gab im Rahmen der \u201eColors and Flavours of Spain Tour\u201c ein Konzert in der Stadt Peralta.<\/figcaption><\/figure><p><span style=\"font-weight: 400;\">W\u00e4hrend der Er\u00f6ffnungsfeier des Blackthorn-Festivals, an der der Minister f\u00fcr l\u00e4ndliche Entwicklung, Jos\u00e9 Mar\u00eda Aierdi, teilnahm, wurden junge Landwirte f\u00fcr ihr Engagement und ihren Einsatz f\u00fcr den Schlehenanbau und die Herstellung von Pachar\u00e1n geehrt und die entscheidende Rolle dieser Praktiken hervorgehoben in der kulturellen Identit\u00e4t und wirtschaftlichen Entwicklung von Navarra. Diese Anerkennung unterstreicht die Bedeutung des Generationswechsels in der Landwirtschaft als Mittel zur Bek\u00e4mpfung der Landflucht.<\/span><\/p><p><span style=\"font-weight: 400;\">Der Navarrese Pachar\u00e1n, ein tief in der Gemeinde verwurzeltes und in seiner Art in Europa einzigartiges Getr\u00e4nk, war der Protagonist der Feier. Die Veranstaltung st\u00e4rkt nicht nur die gemeinschaftlichen Bindungen und f\u00f6rdert den regionalen Tourismus, sondern unterstreicht auch die Einzigartigkeit Navarras als Produzent von Schlehen und Pachar\u00e1n.<\/span><\/p><h2>Espa\u00f1a en Floraci\u00f3n, eine landesweite Agromarketing-Tourismusinitiative, erfreut sich immer gr\u00f6\u00dferer Beliebtheit<\/h2><p><span style=\"font-weight: 400;\">Die Initiative \u201eSpain in Bloom\u201c von Agromarketing Spain etabliert sich als sehr n\u00fctzliches Instrument zur F\u00f6rderung einer touristischen Ressource f\u00fcr die Entwicklung l\u00e4ndlicher Gebiete auf nationaler Ebene, wie zum Beispiel die Bl\u00fcte, und das III Blackthorn Flowering Festival in Peralta, Navarra, ist ein verl\u00e4sslicher Beweis f\u00fcr seinen Erfolg und seine Akzeptanz in den Gebieten.<\/span><\/p><p><\/p>\t\t\t\t\t\t\t\t<\/div>\n\t\t\t\t<\/div>\n\t\t\t\t\t<\/div>\n\t\t\t\t<\/div>\n\t\t<div data-particle_enable=\"false\" data-particle-mobile-disabled=\"false\" class=\"elementor-element elementor-element-c17bc97 e-flex e-con-boxed e-con e-parent\" data-id=\"c17bc97\" data-element_type=\"container\" data-settings=\"{&quot;jet_parallax_layout_list&quot;:[]}\">\n\t\t\t\t\t<div class=\"e-con-inner\">\n\t\t\t\t<div class=\"elementor-element elementor-element-14486c8 elementor-widget elementor-widget-video\" data-id=\"14486c8\" data-element_type=\"widget\" data-settings=\"{&quot;youtube_url&quot;:&quot;https:\\\/\\\/youtu.be\\\/8cbRv3f5oGk?si=bTV5urOIN_OemIXq&quot;,&quot;video_type&quot;:&quot;youtube&quot;,&quot;controls&quot;:&quot;yes&quot;}\" data-widget_type=\"video.default\">\n\t\t\t\t<div class=\"elementor-widget-container\">\n\t\t\t\t\t\t\t<div class=\"elementor-wrapper elementor-open-inline\">\n\t\t\t<div class=\"elementor-video\"><\/div>\t\t<\/div>\n\t\t\t\t\t\t<\/div>\n\t\t\t\t<\/div>\n\t\t\t\t\t<\/div>\n\t\t\t\t<\/div>\n\t\t\t\t<\/div>","protected":false},"excerpt":{"rendered":"<p>Agromarketing pr\u00e4sentierte die \u201eTour Farben und Aromen Spaniens\u201c in der navarrischen Stadt, in der die Schlehen bl\u00fchen, mit einem Live-Konzert, Ausstellungen und Wettbewerben im Rahmen des Projekts \u201eSpanien in Bl\u00fcte\u201c. F\u00fcr den Stopp in Peralta, der am 22. und 23. M\u00e4rz stattfand, waren mehrere Aktivit\u00e4ten geplant, um Besucher anzuziehen und die Sch\u00f6nheit Spaniens hervorzuheben [\u2026]<\/p>","protected":false},"author":6,"featured_media":2866,"comment_status":"open","ping_status":"open","sticky":false,"template":"","format":"standard","meta":{"footnotes":""},"categories":[1],"tags":[],"class_list":["post-2865","post","type-post","status-publish","format-standard","has-post-thumbnail","hentry","category-floracion-en-espana"],"_links":{"self":[{"href":"https:\/\/floracion.es\/de\/wp-json\/wp\/v2\/posts\/2865","targetHints":{"allow":["GET"]}}],"collection":[{"href":"https:\/\/floracion.es\/de\/wp-json\/wp\/v2\/posts"}],"about":[{"href":"https:\/\/floracion.es\/de\/wp-json\/wp\/v2\/types\/post"}],"author":[{"embeddable":true,"href":"https:\/\/floracion.es\/de\/wp-json\/wp\/v2\/users\/6"}],"replies":[{"embeddable":true,"href":"https:\/\/floracion.es\/de\/wp-json\/wp\/v2\/comments?post=2865"}],"version-history":[{"count":9,"href":"https:\/\/floracion.es\/de\/wp-json\/wp\/v2\/posts\/2865\/revisions"}],"predecessor-version":[{"id":2879,"href":"https:\/\/floracion.es\/de\/wp-json\/wp\/v2\/posts\/2865\/revisions\/2879"}],"wp:featuredmedia":[{"embeddable":true,"href":"https:\/\/floracion.es\/de\/wp-json\/wp\/v2\/media\/2866"}],"wp:attachment":[{"href":"https:\/\/floracion.es\/de\/wp-json\/wp\/v2\/media?parent=2865"}],"wp:term":[{"taxonomy":"category","embeddable":true,"href":"https:\/\/floracion.es\/de\/wp-json\/wp\/v2\/categories?post=2865"},{"taxonomy":"post_tag","embeddable":true,"href":"https:\/\/floracion.es\/de\/wp-json\/wp\/v2\/tags?post=2865"}],"curies":[{"name":"wp","href":"https:\/\/api.w.org\/{rel}","templated":true}]}}