{"id":2831,"date":"2024-03-20T09:56:34","date_gmt":"2024-03-20T08:56:34","guid":{"rendered":"https:\/\/floracion.es\/?p=2831"},"modified":"2024-03-20T09:57:20","modified_gmt":"2024-03-20T08:57:20","slug":"la-fiesta-de-la-floracion-del-endrino-del-pacharan-navarro-acoge-el-tour-colores-y-sabores-de-espana","status":"publish","type":"post","link":"https:\/\/floracion.es\/de\/das-schlehenblutenfest-in-pacharan-navarra-ist-gastgeber-der-tour-farben-und-aromen-spaniens\/","title":{"rendered":"Beim Blackthorn Flowering Festival von Pachar\u00e1n Navarro findet die \u201eColors and Flavours of Spain Tour\u201c statt."},"content":{"rendered":"<div data-elementor-type=\"wp-post\" data-elementor-id=\"2831\" class=\"elementor elementor-2831\" data-elementor-post-type=\"post\">\n\t\t\t\t<div data-particle_enable=\"false\" data-particle-mobile-disabled=\"false\" class=\"elementor-element elementor-element-d08fc90 e-flex e-con-boxed e-con e-parent\" data-id=\"d08fc90\" data-element_type=\"container\" data-settings=\"{&quot;jet_parallax_layout_list&quot;:[]}\">\n\t\t\t\t\t<div class=\"e-con-inner\">\n\t\t\t\t<div class=\"elementor-element elementor-element-cef1a38 elementor-widget elementor-widget-text-editor\" data-id=\"cef1a38\" data-element_type=\"widget\" data-widget_type=\"text-editor.default\">\n\t\t\t\t<div class=\"elementor-widget-container\">\n\t\t\t\t\t\t\t\t\t<ul><li style=\"font-weight: 400;\" aria-level=\"1\"><span style=\"font-weight: 400;\">Die navarresische Stadt<\/span><b> Peralta <\/b><span style=\"font-weight: 400;\">wird das Festival mit einem kompletten Programm an Aktivit\u00e4ten ausrichten, das von der organisiert wird <\/span><b>IG Pachar\u00e1n Navarro<\/b><span style=\"font-weight: 400;\">, zwischen den Tagen <\/span><b>22. und 23. M\u00e4rz<\/b><span style=\"font-weight: 400;\">.<br \/><br \/><\/span><\/li><li style=\"font-weight: 400;\" aria-level=\"1\"><span style=\"font-weight: 400;\">Die Einweihung von<\/span> <span style=\"font-weight: 400;\">Zu den Aktivit\u00e4ten z\u00e4hlen das Spanien im Floraci\u00f3n Itinerant Interpretation Center, das Konzert der Indie-Gruppe Lucky Duckes oder ein Back- und Verkostungswettbewerb mit Navarrese Pachar\u00e1n. Der Zeitplan kann unter www.floracion.es\/floracion-del-pacharan-navarro\/ eingesehen werden.\u00a0<\/span><\/li><\/ul><p>\u00a0<\/p><p><b>18-3-2024.- <\/b><span style=\"font-weight: 400;\">Die Stadt Peralta wird vom 22. bis 23. M\u00e4rz zur Hauptstadt von Pachar\u00e1n Navarro. Das Blackthorn Flowering Festival feiert eine neue Ausgabe mit dem Ziel, die Sch\u00f6nheit seiner bl\u00fchenden Orte und die Qualit\u00e4t von Pachar\u00e1n Navarro hervorzuheben.\u00a0<\/span><\/p><p><span style=\"font-weight: 400;\">Es verf\u00fcgt \u00fcber ein Aktivit\u00e4tenprogramm, das Gastronomie, Fotografie und Musik kombiniert. Bei dieser Ausgabe wird die Tour \u201eFarben und Aromen Spaniens\u201c stattfinden, eine Initiative im Rahmen des Agrotourismus-Projekts \u201eSpain Experience in Bloom\u201c (<\/span><a href=\"https:\/\/floracion.es\/de\/\"><span style=\"font-weight: 400;\">www.floracion.es<\/span><\/a><span style=\"font-weight: 400;\">), vom Ministerium f\u00fcr Industrie, Handel und Tourismus als eines der innovativsten Erlebnisse des Landes mit europ\u00e4ischen Mitteln aus dem Wiederherstellungs-, Transformations- und Resilienzplan ausgew\u00e4hlt. Sein Hauptziel besteht darin, die Bl\u00fctenpracht des Landes als Touristenattraktion und die Qualit\u00e4t seiner Agrar- und Lebensmittelprodukte zu f\u00f6rdern. Die IGP Pachar\u00e1n Navarro (www.pacharannavarro.org) ist Mitglied des Projekts.<\/span><\/p><p><span style=\"font-weight: 400;\">Die Veranstaltungen beginnen am Freitag, 22. M\u00e4rz, im Peralta Culture House. Um 17:30 Uhr findet die Pr\u00e4sentation der Gerichte des 1. Pachar\u00e1n Navarro-Konditorwettbewerbs statt, der in Zusammenarbeit mit der Frauenvereinigung Piedra Alta organisiert wird. Die Entscheidung des Wettbewerbs wird um 19 Uhr bekannt gegeben.<\/span><\/p><p><span style=\"font-weight: 400;\">Um 18:30 Uhr findet die Einweihung des Wanderinterpretationszentrums von Spanien in der Bl\u00fcte statt, bei dem mit Lehrmaterial in verschiedenen Medien die verschiedenen Bl\u00fcten Spaniens, darunter die Bl\u00fcte des Schwarzdorns, vorgestellt werden. Eine Initiative, die die verschiedenen Gebiete des Landes bereist, um die Bl\u00fcte ihrer Pflanzen zu f\u00f6rdern.<\/span><\/p><p><span style=\"font-weight: 400;\">Die Aktivit\u00e4ten dieses ersten Tages enden um 19:30 Uhr mit der Feier eines partizipativen Pachar\u00e1n Navarro-Verkostungsworkshops. Interessierte k\u00f6nnen sich unter anmelden <\/span><a href=\"mailto:turismo@aytoperalta.com\"><span style=\"font-weight: 400;\">Tourism@aytoperalta.com<\/span><\/a><\/p><p><b>Konzert- und Fotowettbewerb<\/b><\/p><p><span style=\"font-weight: 400;\">Am Samstag, den 23. M\u00e4rz, ist es an der Zeit, nach einem Rundgang durch die bl\u00fchenden Schlehenfelder, die f\u00fcr das Projekt \u201eSpanien in voller Bl\u00fcte erleben\u201c in 3D und Drohne aufgezeichnet werden, die neue Generation junger Menschen zu w\u00fcrdigen, die sich angeschlossen haben der GI-Produktions- und Verarbeitungssektor<\/span><span style=\"font-weight: 400;\">Q<\/span><span style=\"font-weight: 400;\"> Pachar\u00e1n.<\/span><\/p><p><span style=\"font-weight: 400;\">Um 12:30 Uhr ist die Musik mit der murcianischen Indie-Gruppe L\u00fccky D\u00fckes an der Reihe.<\/span><a href=\"http:\/\/www.luckyduckes.es\" target=\"_blank\" rel=\"noopener\"><span style=\"font-weight: 400;\">www.luckyduckes.es<\/span><\/a><span style=\"font-weight: 400;\">), Sch\u00f6pfer des Liedes \u201eFloraci\u00f3n\u201c, das der Soundtrack der Kampagne \u201eColores y Sabores de Espa\u00f1a\u201c ist, die in Peralta startet. Das Konzert findet auf dem Hauptplatz von Peralta statt, wo es auch eine Ausstellung und einen Markt f\u00fcr mit der IG verbundene Unternehmen geben wird.<\/span><span style=\"font-weight: 400;\">Q<\/span><span style=\"font-weight: 400;\"> Pachar\u00e1n Navarro beendete den Tag mit einer Reyno Gourmet Pinchos-Verkostung von Txomin Parrilla.<\/span><\/p><p><span style=\"font-weight: 400;\">In den Bars und Restaurants von Peralta k\u00f6nnen Sie w\u00e4hrend der Festivaltage den beliebten Cocktail mit Navarrese-Pachar\u00e1n namens Butanito bestellen. Dar\u00fcber hinaus an alle, die Fotos von der Schlehenbl\u00fcte oder den Aktivit\u00e4ten, die auf dem Festival stattfinden, an die Website senden <\/span><a href=\"https:\/\/floracion.es\/de\/\"><span style=\"font-weight: 400;\">www.floracion.es<\/span><\/a><span style=\"font-weight: 400;\"> Sie nehmen an der Verlosung der T-Shirts und Sweatshirts von Spain in Bloom teil.<\/span><\/p><p><span style=\"font-weight: 400;\">Das Blackthorn Festival 2024 wird von der IG Pachar\u00e1n Navarro in Zusammenarbeit mit dem Stadtrat von Peralta, Spain in Bloom, dem Europ\u00e4ischen Landwirtschaftsfonds f\u00fcr l\u00e4ndliche Entwicklung und Reyno Gourmet organisiert.<\/span><\/p>\t\t\t\t\t\t\t\t<\/div>\n\t\t\t\t<\/div>\n\t\t\t\t\t<\/div>\n\t\t\t\t<\/div>\n\t\t\t\t<\/div>","protected":false},"excerpt":{"rendered":"<p>Die navarrische Stadt Peralta ist vom 22. bis 23. M\u00e4rz Gastgeber des Festivals mit einem umfassenden Aktivit\u00e4tenprogramm, das von der IG Pachar\u00e1n Navarro organisiert wird. Die Einweihung des mobilen Interpretationszentrums \u201eSpanien in Bl\u00fcte\u201c, das Konzert der Indie-Gruppe Lucky Duckes oder ein Geb\u00e4ck- und Verkostungswettbewerb mit pachar\u00e1n aus Navarra, [\u2026]<\/p>","protected":false},"author":6,"featured_media":2832,"comment_status":"open","ping_status":"open","sticky":false,"template":"","format":"standard","meta":{"footnotes":""},"categories":[1],"tags":[],"class_list":["post-2831","post","type-post","status-publish","format-standard","has-post-thumbnail","hentry","category-floracion-en-espana"],"_links":{"self":[{"href":"https:\/\/floracion.es\/de\/wp-json\/wp\/v2\/posts\/2831","targetHints":{"allow":["GET"]}}],"collection":[{"href":"https:\/\/floracion.es\/de\/wp-json\/wp\/v2\/posts"}],"about":[{"href":"https:\/\/floracion.es\/de\/wp-json\/wp\/v2\/types\/post"}],"author":[{"embeddable":true,"href":"https:\/\/floracion.es\/de\/wp-json\/wp\/v2\/users\/6"}],"replies":[{"embeddable":true,"href":"https:\/\/floracion.es\/de\/wp-json\/wp\/v2\/comments?post=2831"}],"version-history":[{"count":4,"href":"https:\/\/floracion.es\/de\/wp-json\/wp\/v2\/posts\/2831\/revisions"}],"predecessor-version":[{"id":2836,"href":"https:\/\/floracion.es\/de\/wp-json\/wp\/v2\/posts\/2831\/revisions\/2836"}],"wp:featuredmedia":[{"embeddable":true,"href":"https:\/\/floracion.es\/de\/wp-json\/wp\/v2\/media\/2832"}],"wp:attachment":[{"href":"https:\/\/floracion.es\/de\/wp-json\/wp\/v2\/media?parent=2831"}],"wp:term":[{"taxonomy":"category","embeddable":true,"href":"https:\/\/floracion.es\/de\/wp-json\/wp\/v2\/categories?post=2831"},{"taxonomy":"post_tag","embeddable":true,"href":"https:\/\/floracion.es\/de\/wp-json\/wp\/v2\/tags?post=2831"}],"curies":[{"name":"wp","href":"https:\/\/api.w.org\/{rel}","templated":true}]}}