{"id":2746,"date":"2024-03-18T20:20:32","date_gmt":"2024-03-18T19:20:32","guid":{"rendered":"https:\/\/floracion.es\/?p=2746"},"modified":"2024-03-15T20:26:57","modified_gmt":"2024-03-15T19:26:57","slug":"el-despertar-de-los-almendros-en-flor-se-suma-a-la-celebracion-de-espana-en-floracion","status":"publish","type":"post","link":"https:\/\/floracion.es\/de\/das-erwachen-der-mandelblute-ist-teil-der-feierlichkeiten-zum-bluhenden-spanien\/","title":{"rendered":"Das Erwachen der bl\u00fchenden Mandelb\u00e4ume begleitet die Feier des bl\u00fchenden Spaniens"},"content":{"rendered":"<div data-elementor-type=\"wp-post\" data-elementor-id=\"2746\" class=\"elementor elementor-2746\" data-elementor-post-type=\"post\">\n\t\t\t\t<div data-particle_enable=\"false\" data-particle-mobile-disabled=\"false\" class=\"elementor-element elementor-element-404a4ea e-flex e-con-boxed e-con e-parent\" data-id=\"404a4ea\" data-element_type=\"container\" data-settings=\"{&quot;jet_parallax_layout_list&quot;:[]}\">\n\t\t\t\t\t<div class=\"e-con-inner\">\n\t\t\t\t<div class=\"elementor-element elementor-element-d773710 elementor-widget elementor-widget-text-editor\" data-id=\"d773710\" data-element_type=\"widget\" data-widget_type=\"text-editor.default\">\n\t\t\t\t<div class=\"elementor-widget-container\">\n\t\t\t\t\t\t\t\t\t<p>In einer Symphonie aus Wei\u00df und Rosa k\u00fcndigen Spaniens Mandelb\u00e4ume den nahenden Fr\u00fchling an und bieten ein Naturschauspiel, das Einheimische und Besucher gleicherma\u00dfen in seinen Bann zieht.\u00a0<\/p><p><br \/>Die Bl\u00fcte des Mandelbaums mit ihrer verg\u00e4nglichen Sch\u00f6nheit ist in verschiedenen Regionen Spaniens zu einem Symbol der Erneuerung und Hoffnung geworden. Mit einer mehr als 100-j\u00e4hrigen Geschichte im Anbau dieser Art sind Gebiete wie Arribes del Duero, El Bierzo und die Region \u00c1greda traditionell f\u00fcr ihre beeindruckenden Bl\u00fctenlandschaften bekannt. Die Einf\u00fchrung sp\u00e4ter und extra sp\u00e4ter Sorten hat es dieser Kultur erm\u00f6glicht, sich auf neue Gebiete auszudehnen und so die Vielfalt der Blumenlandschaften im Land zu erh\u00f6hen.<\/p><p><br \/>In diesem Zusammenhang f\u00f6rdert \u201eSpain in Bloom\u201c die Schaffung spezieller Routen zur Beobachtung bl\u00fchender Mandelb\u00e4ume und unterstreicht die Bedeutung dieser Art f\u00fcr das Natur- und Kulturerbe Spaniens. Eine der vorgestellten Routen befindet sich in Poza de la Sal, Burgos, dem Geburtsort von F\u00e9lix Rodr\u00edguez de la Fuente. Auf dieser 4 Kilometer langen Route k\u00f6nnen Besucher in ein Meer aus Mandelbl\u00fcten eintauchen, begleitet von innovativer Beschilderung und der M\u00f6glichkeit, das Erlebnis durch QR-Codes zu bereichern.<\/p><p><br \/>Auch Valladolid und Salamanca beteiligen sich an diesem Fest mit Routen, die Sie einladen, die Pracht der bl\u00fchenden Mandelb\u00e4ume zu erkunden, von Spazierg\u00e4ngen entlang der Ufer des Duero bis hin zu M\u00e4rschen durch den Naturpark Arribes del Duero. Diese Routen bieten nicht nur die M\u00f6glichkeit, die Natur in ihrer sch\u00f6nsten Form zu genie\u00dfen, sondern unterst\u00fctzen auch die nachhaltige Tourismusentwicklung in l\u00e4ndlichen Gebieten.<\/p><p><img fetchpriority=\"high\" decoding=\"async\" class=\"aligncenter wp-image-2749 size-full\" src=\"https:\/\/floracion.es\/wp-content\/uploads\/2024\/03\/almendros-salamanca_papel_xoptimizadax-kP6E-U2101702133217j7F-650x455@Burgosconecta.webp\" alt=\"\" width=\"650\" height=\"455\" srcset=\"https:\/\/floracion.es\/wp-content\/uploads\/2024\/03\/almendros-salamanca_papel_xoptimizadax-kP6E-U2101702133217j7F-650x455@Burgosconecta.webp 650w, https:\/\/floracion.es\/wp-content\/uploads\/2024\/03\/almendros-salamanca_papel_xoptimizadax-kP6E-U2101702133217j7F-650x455@Burgosconecta-300x210.webp 300w\" sizes=\"(max-width: 650px) 100vw, 650px\" \/><br \/>Das Projekt \u201eSpain in Bloom\u201c und sein Fokus auf die Bl\u00fcte des Mandelbaums unterstreichen den Wert dieser Landschaften als touristische und p\u00e4dagogische Ressource. Durch die F\u00f6rderung von Blumenrouten und die Integration von Sensibilisierungs- und Naturschutzma\u00dfnahmen m\u00f6chten wir einen verantwortungsvollen Tourismus f\u00f6rdern, der zur lokalen Entwicklung und zum Schutz der Umwelt beitr\u00e4gt.<\/p><p><br \/>Die Initiative l\u00e4dt alle ein, Teil dieses einzigartigen Erlebnisses zu sein und die Geheimnisse und die Sch\u00f6nheit der bl\u00fchenden Mandelb\u00e4ume in ganz Spanien zu entdecken. Dieses Projekt feiert nicht nur die Bl\u00fcte der Mandelb\u00e4ume, sondern wird auch zum Zeugnis des Engagements Spaniens f\u00fcr Artenvielfalt, l\u00e4ndlichen Tourismus und \u00f6kologische Nachhaltigkeit.<\/p>\t\t\t\t\t\t\t\t<\/div>\n\t\t\t\t<\/div>\n\t\t\t\t\t<\/div>\n\t\t\t\t<\/div>\n\t\t\t\t<\/div>","protected":false},"excerpt":{"rendered":"<p>In einer Symphonie aus Wei\u00df und Rosa verk\u00fcnden Spaniens Mandelb\u00e4ume den nahenden Fr\u00fchling und bieten ein Naturschauspiel, das Einheimische und Besucher gleicherma\u00dfen in ihren Bann zieht. Die Mandelbl\u00fcte mit ihrer verg\u00e4nglichen Sch\u00f6nheit ist in vielen spanischen Regionen zu einem Symbol der Erneuerung und Hoffnung geworden. Mit mehr als 100 [\u2026]<\/p>","protected":false},"author":6,"featured_media":2747,"comment_status":"open","ping_status":"open","sticky":false,"template":"","format":"standard","meta":{"footnotes":""},"categories":[1],"tags":[],"class_list":["post-2746","post","type-post","status-publish","format-standard","has-post-thumbnail","hentry","category-floracion-en-espana"],"_links":{"self":[{"href":"https:\/\/floracion.es\/de\/wp-json\/wp\/v2\/posts\/2746","targetHints":{"allow":["GET"]}}],"collection":[{"href":"https:\/\/floracion.es\/de\/wp-json\/wp\/v2\/posts"}],"about":[{"href":"https:\/\/floracion.es\/de\/wp-json\/wp\/v2\/types\/post"}],"author":[{"embeddable":true,"href":"https:\/\/floracion.es\/de\/wp-json\/wp\/v2\/users\/6"}],"replies":[{"embeddable":true,"href":"https:\/\/floracion.es\/de\/wp-json\/wp\/v2\/comments?post=2746"}],"version-history":[{"count":7,"href":"https:\/\/floracion.es\/de\/wp-json\/wp\/v2\/posts\/2746\/revisions"}],"predecessor-version":[{"id":2755,"href":"https:\/\/floracion.es\/de\/wp-json\/wp\/v2\/posts\/2746\/revisions\/2755"}],"wp:featuredmedia":[{"embeddable":true,"href":"https:\/\/floracion.es\/de\/wp-json\/wp\/v2\/media\/2747"}],"wp:attachment":[{"href":"https:\/\/floracion.es\/de\/wp-json\/wp\/v2\/media?parent=2746"}],"wp:term":[{"taxonomy":"category","embeddable":true,"href":"https:\/\/floracion.es\/de\/wp-json\/wp\/v2\/categories?post=2746"},{"taxonomy":"post_tag","embeddable":true,"href":"https:\/\/floracion.es\/de\/wp-json\/wp\/v2\/tags?post=2746"}],"curies":[{"name":"wp","href":"https:\/\/api.w.org\/{rel}","templated":true}]}}