{"id":2735,"date":"2024-03-15T20:02:53","date_gmt":"2024-03-15T19:02:53","guid":{"rendered":"https:\/\/floracion.es\/?p=2735"},"modified":"2024-03-15T20:09:44","modified_gmt":"2024-03-15T19:09:44","slug":"la-exposicion-itinerante-espana-en-floracion-recorrera-los-puntos-de-interes-a-nivel-nacional","status":"publish","type":"post","link":"https:\/\/floracion.es\/de\/die-wanderausstellung-spanien-in-blute-tourt-durch-das-ganze-land-und-zeigt-sehenswurdigkeiten\/","title":{"rendered":"Die Wanderausstellung \u201eBl\u00fchendes Spanien\u201c f\u00fchrt landesweit durch Sehensw\u00fcrdigkeiten"},"content":{"rendered":"<div data-elementor-type=\"wp-post\" data-elementor-id=\"2735\" class=\"elementor elementor-2735\" data-elementor-post-type=\"post\">\n\t\t\t\t<div data-particle_enable=\"false\" data-particle-mobile-disabled=\"false\" class=\"elementor-element elementor-element-ee953e5 e-flex e-con-boxed e-con e-parent\" data-id=\"ee953e5\" data-element_type=\"container\" data-settings=\"{&quot;jet_parallax_layout_list&quot;:[]}\">\n\t\t\t\t\t<div class=\"e-con-inner\">\n\t\t\t\t<div class=\"elementor-element elementor-element-734508f elementor-widget elementor-widget-text-editor\" data-id=\"734508f\" data-element_type=\"widget\" data-widget_type=\"text-editor.default\">\n\t\t\t\t<div class=\"elementor-widget-container\">\n\t\t\t\t\t\t\t\t\t<p>Nach ihrer Pr\u00e4sentation im I Floraci\u00f3n Forum in Spanien bietet die Wanderausstellung \u201eSpain in Bloom\u201c einen Rundgang durch den l\u00e4ndlichen und Naturtourismus in Spanien und verspricht eine neue Attraktion f\u00fcr Liebhaber der Natur und der Agrarkultur zu werden. Diese von Agromarketing im Rahmen des innovativen Projekts \u201eExperiment Spain in Bloom\u201c konzipierte Initiative hat ihre Reise durch das Land begonnen und bietet Besuchern und Einheimischen eine einzigartige Perspektive auf die vielf\u00e4ltigen und spektakul\u00e4ren Bl\u00fcten, die das spanische Territorium das ganze Jahr \u00fcber schm\u00fccken. Anus.<\/p><p><img fetchpriority=\"high\" decoding=\"async\" class=\"size-medium wp-image-2741 alignleft\" src=\"https:\/\/floracion.es\/wp-content\/uploads\/2024\/03\/432232134_814567414049854_9213644970159181978_n-300x225.jpg\" alt=\"\" width=\"300\" height=\"225\" srcset=\"https:\/\/floracion.es\/wp-content\/uploads\/2024\/03\/432232134_814567414049854_9213644970159181978_n-300x225.jpg 300w, https:\/\/floracion.es\/wp-content\/uploads\/2024\/03\/432232134_814567414049854_9213644970159181978_n-1024x768.jpg 1024w, https:\/\/floracion.es\/wp-content\/uploads\/2024\/03\/432232134_814567414049854_9213644970159181978_n-768x576.jpg 768w, https:\/\/floracion.es\/wp-content\/uploads\/2024\/03\/432232134_814567414049854_9213644970159181978_n-1536x1152.jpg 1536w, https:\/\/floracion.es\/wp-content\/uploads\/2024\/03\/432232134_814567414049854_9213644970159181978_n.jpg 2048w\" sizes=\"(max-width: 300px) 100vw, 300px\" \/><\/p><p>Die Ausstellung, die k\u00fcrzlich bis zum 19. M\u00e4rz im Peach Interpretation Center in Cieza ge\u00f6ffnet war, wurde zeitgleich mit dem I Floraci\u00f3n Forum: Motor der l\u00e4ndlichen Entwicklung in Villanueva del R\u00edo Segura er\u00f6ffnet. Diese Wanderausstellung zeichnet sich durch ihren p\u00e4dagogischen und erlebnisorientierten Ansatz aus und nutzt Lehrmaterialien in verschiedenen Medien und Formaten, um die verschiedenen Nutzpflanzenbl\u00fcten im Land und die Fr\u00fcchte oder Produkte, die aus diesen Naturereignissen entstehen, zu veranschaulichen.<\/p><p>Nach ihrem Aufenthalt in Cieza wird die Ausstellung nach Peralta, Navarra, verlegt, um Teil der Veranstaltungen des Blackthorn Festivals zu sein, das vom IGP Pachar\u00e1n Navarro organisiert wird. Diese Bewegung unterstreicht nicht nur die Bedeutung der Bl\u00fcte in der lokalen Kultur und Wirtschaft, sondern unterstreicht auch das Engagement von \u201eSpain in Bloom\u201c f\u00fcr die F\u00f6rderung der Artenvielfalt und des nachhaltigen Tourismus.<\/p><p><img decoding=\"async\" class=\"alignnone wp-image-2742 size-large\" src=\"https:\/\/floracion.es\/wp-content\/uploads\/2024\/03\/432312239_814567474049848_5379226562246846398_n-1024x768.jpg\" alt=\"\" width=\"1024\" height=\"768\" srcset=\"https:\/\/floracion.es\/wp-content\/uploads\/2024\/03\/432312239_814567474049848_5379226562246846398_n-1024x768.jpg 1024w, https:\/\/floracion.es\/wp-content\/uploads\/2024\/03\/432312239_814567474049848_5379226562246846398_n-300x225.jpg 300w, https:\/\/floracion.es\/wp-content\/uploads\/2024\/03\/432312239_814567474049848_5379226562246846398_n-768x576.jpg 768w, https:\/\/floracion.es\/wp-content\/uploads\/2024\/03\/432312239_814567474049848_5379226562246846398_n-1536x1152.jpg 1536w, https:\/\/floracion.es\/wp-content\/uploads\/2024\/03\/432312239_814567474049848_5379226562246846398_n.jpg 2048w\" sizes=\"(max-width: 1024px) 100vw, 1024px\" \/><\/p><p>Die Wanderausstellungsinitiative ist ein Beispiel f\u00fcr die kontinuierlichen Bem\u00fchungen, den nat\u00fcrlichen und kulturellen Reichtum Spaniens zu genie\u00dfen und zu bewahren und den Besuchern die M\u00f6glichkeit zu geben, mehr \u00fcber den Lebenszyklus von Nutzpflanzen und ihre Auswirkungen auf die lokalen Gemeinschaften zu erfahren. Durch die Ausstrahlung der Ausstellung in verschiedene Regionen m\u00f6chte das Projekt \u201eSpain in Bloom\u201c eine gr\u00f6\u00dfere Wertsch\u00e4tzung f\u00fcr die nat\u00fcrliche Sch\u00f6nheit des Landes wecken und die Entwicklung des l\u00e4ndlichen Tourismus als Motor f\u00fcr Wirtschaftswachstum und Nachhaltigkeit f\u00f6rdern.<\/p><p>Der Empfang der Wanderausstellung \u201eSpanien in voller Bl\u00fcte\u201c unterstreicht das wachsende Interesse am bl\u00fchenden Tourismus und sein Potenzial, das Erlebnis der Besucher zu bereichern. Mit geplanten Stopps an mehreren wichtigen bl\u00fchenden Orten im ganzen Land l\u00e4dt dieses Projekt alle dazu ein, die herrliche Vielfalt der bl\u00fchenden Landschaften Spaniens zu erkunden und gleichzeitig den Umweltschutz und die l\u00e4ndliche Entwicklung zu f\u00f6rdern.<\/p>\t\t\t\t\t\t\t\t<\/div>\n\t\t\t\t<\/div>\n\t\t\t\t\t<\/div>\n\t\t\t\t<\/div>\n\t\t\t\t<\/div>","protected":false},"excerpt":{"rendered":"<p>Nach ihrer Pr\u00e4sentation beim 1. Forum zur Bl\u00fcte in Spanien bietet die Wanderausstellung \u201eSpanien bl\u00fchend\u201c einen Rundgang durch den l\u00e4ndlichen Tourismus und Naturtourismus in Spanien und verspricht, eine neue Attraktion f\u00fcr Liebhaber der Natur und der Agrarkultur zu werden. Diese von Agromarketing im Rahmen des Innovationsprojekts konzipierte Initiative [\u2026]<\/p>","protected":false},"author":6,"featured_media":2736,"comment_status":"open","ping_status":"open","sticky":false,"template":"","format":"standard","meta":{"footnotes":""},"categories":[1],"tags":[],"class_list":["post-2735","post","type-post","status-publish","format-standard","has-post-thumbnail","hentry","category-floracion-en-espana"],"_links":{"self":[{"href":"https:\/\/floracion.es\/de\/wp-json\/wp\/v2\/posts\/2735","targetHints":{"allow":["GET"]}}],"collection":[{"href":"https:\/\/floracion.es\/de\/wp-json\/wp\/v2\/posts"}],"about":[{"href":"https:\/\/floracion.es\/de\/wp-json\/wp\/v2\/types\/post"}],"author":[{"embeddable":true,"href":"https:\/\/floracion.es\/de\/wp-json\/wp\/v2\/users\/6"}],"replies":[{"embeddable":true,"href":"https:\/\/floracion.es\/de\/wp-json\/wp\/v2\/comments?post=2735"}],"version-history":[{"count":7,"href":"https:\/\/floracion.es\/de\/wp-json\/wp\/v2\/posts\/2735\/revisions"}],"predecessor-version":[{"id":2745,"href":"https:\/\/floracion.es\/de\/wp-json\/wp\/v2\/posts\/2735\/revisions\/2745"}],"wp:featuredmedia":[{"embeddable":true,"href":"https:\/\/floracion.es\/de\/wp-json\/wp\/v2\/media\/2736"}],"wp:attachment":[{"href":"https:\/\/floracion.es\/de\/wp-json\/wp\/v2\/media?parent=2735"}],"wp:term":[{"taxonomy":"category","embeddable":true,"href":"https:\/\/floracion.es\/de\/wp-json\/wp\/v2\/categories?post=2735"},{"taxonomy":"post_tag","embeddable":true,"href":"https:\/\/floracion.es\/de\/wp-json\/wp\/v2\/tags?post=2735"}],"curies":[{"name":"wp","href":"https:\/\/api.w.org\/{rel}","templated":true}]}}