{"id":2660,"date":"2024-03-08T11:41:51","date_gmt":"2024-03-08T10:41:51","guid":{"rendered":"https:\/\/floracion.es\/?p=2660"},"modified":"2024-03-15T20:11:14","modified_gmt":"2024-03-15T19:11:14","slug":"agromarketing-reune-en-un-foro-a-las-principales-floraciones-del-pais-dentro-del-proyecto-agroturistico-espana-en-floracion","status":"publish","type":"post","link":"https:\/\/floracion.es\/de\/agromarketing-bringt-im-rahmen-des-agrotourismus-projekts-spanien-in-blute-die-wichtigsten-bluhgebiete-des-landes-in-einem-forum-zusammen\/","title":{"rendered":"Agromarketing vereint die wichtigsten Bl\u00fctenpflanzen des Landes in einem Forum im Rahmen des Agrotourismus-Projekts \u201eSpain in Flowering\u201c"},"content":{"rendered":"<div data-elementor-type=\"wp-post\" data-elementor-id=\"2660\" class=\"elementor elementor-2660\" data-elementor-post-type=\"post\">\n\t\t\t\t<div data-particle_enable=\"false\" data-particle-mobile-disabled=\"false\" class=\"elementor-element elementor-element-2eb33d6 e-flex e-con-boxed e-con e-parent\" data-id=\"2eb33d6\" data-element_type=\"container\" data-settings=\"{&quot;jet_parallax_layout_list&quot;:[]}\">\n\t\t\t\t\t<div class=\"e-con-inner\">\n\t\t\t\t<div class=\"elementor-element elementor-element-9773941 elementor-widget elementor-widget-text-editor\" data-id=\"9773941\" data-element_type=\"widget\" data-widget_type=\"text-editor.default\">\n\t\t\t\t<div class=\"elementor-widget-container\">\n\t\t\t\t\t\t\t\t\t<ul><li style=\"font-weight: 400;\" aria-level=\"1\"><em><span style=\"font-weight: 400;\">Am 7. M\u00e4rz organisierte Agromarketing Spain das \u201eI Flowering Forum: Motor der l\u00e4ndlichen Entwicklung\u201c im Ricote Valley Hub, an dem Techniker und Manager der wichtigsten bl\u00fchenden Pflanzen in Spanien und des Ministeriums f\u00fcr Industrie, Handel und Tourismus teilnahmen, um Erfahrungen auszutauschen und neue Erkenntnisse zu gewinnen Synergien.\u00a0<br \/><br \/><\/span><\/em><\/li><\/ul><ul><li style=\"font-weight: 400;\" aria-level=\"1\"><em><span style=\"font-weight: 400;\">Valle del Jerte (Kirschbaum), Brihuega (Lavendel), Sierra de Gredos (Piorno), Mula (Mandelbaum) sowie Cieza und Aitona (Pfirsich) nahmen am Forum teil, erl\u00e4uterten ihre Erfolgsgeschichten und analysierten, wie sie ihre Erfahrungen verbessern k\u00f6nnen innerhalb des aufkommenden bl\u00fchenden Tourismus.<\/span><\/em><\/li><\/ul><p><span style=\"font-weight: 400;\"><br \/>Agromarketing Spain (www.agromarketing.es) war Gastgeber der Veranstaltung <\/span><b>I Floraci\u00f3n Forum: Motor der l\u00e4ndlichen Entwicklung<\/b><span style=\"font-weight: 400;\">. Eine bahnbrechende Initiative des Unternehmens zur F\u00f6rderung des aufkommenden Bl\u00fctentourismus, die die zusammenbrachte <\/span><b>letzten 7. M\u00e4rz<\/b><span style=\"font-weight: 400;\"> an Techniker und diejenigen, die f\u00fcr die Bl\u00fcte der wichtigsten Nutzpflanzen in Spanien verantwortlich sind, wie z <\/span><b>Jerte-Tal<\/b><span style=\"font-weight: 400;\"> (Kirschbaum), <\/span><b>Brihuega <\/b><span style=\"font-weight: 400;\">(Lavendel), <\/span><b>Sierra de Gredos<\/b><span style=\"font-weight: 400;\"> (piorno), <\/span><b>Maultier <\/b><span style=\"font-weight: 400;\">(Mandelbaum), sowie <\/span><b>Cieza<\/b><span style=\"font-weight: 400;\"> Und <\/span><b>Aitona<\/b><span style=\"font-weight: 400;\"> (Pfirsich).\u00a0<\/span><\/p><p><span style=\"font-weight: 400;\">Das Treffen fand statt <\/span><b>Hub Ricote Valley<\/b><span style=\"font-weight: 400;\"> (<\/span><a href=\"http:\/\/www.ricotevalleyhub.com\" target=\"_blank\" rel=\"noopener\"><span style=\"font-weight: 400;\">www.ricotevalleyhub.com<\/span><\/a><span style=\"font-weight: 400;\">), in Villanueva del R\u00edo Segura, und wurde von Fachleuten aus Reiseb\u00fcros, Aktivtourismusunternehmen und Fachjournalisten aus dem ganzen Land besucht. Dieses erste Forum ist eingerahmt von <\/span><b>Agrotourismus-Projekt \u201eSpanien in voller Bl\u00fcte erleben\u201c<\/b><span style=\"font-weight: 400;\"> (www.floracion.es), geleitet von Agromarketing, und die vom Ministerium f\u00fcr Industrie, Handel und Tourismus mit Mitteln aus dem Wiederherstellungs-, Transformations- und Resilienzplan als eine der innovativsten Initiativen des Landes ausgew\u00e4hlt wurde.\u00a0<\/span><\/p><p><b>Neue Trends und Erfolgsgeschichten<\/b><\/p><p><span style=\"font-weight: 400;\">Im Rahmen des Forums fand die Er\u00f6ffnungspr\u00e4sentation von Cristina S\u00e1nchez statt<\/span> <span style=\"font-weight: 400;\">(<\/span><b>Abteilungsleiter der Unterdirektion Tourismusentwicklung und Nachhaltigkeit von Mincetur<\/b><span style=\"font-weight: 400;\">), die er in seinem Beitrag zum Thema \u201eNeue innovative Produkte: Touristische Erlebnisse\u201c analysierte. Als n\u00e4chstes beteiligten sich die verschiedenen Gebiete an einer bl\u00fchenden Tourismusentwicklung, wie zum Beispiel Jenifer Bermejo, von der <\/span><b>Tourismusverband des Jerte-Tals (TUJERTE) <\/b><span style=\"font-weight: 400;\">der die Erfolgsgeschichte der bahnbrechenden Bl\u00fcte in Spanien erkl\u00e4rte.<\/span><\/p><p><span style=\"font-weight: 400;\">Er <\/span><b>B\u00fcrgermeister von Brihuega<\/b><span style=\"font-weight: 400;\">, Luis Viejo, konzentrierte seine Intervention auf die Einbindung der Bev\u00f6lkerung in die Organisation von Bl\u00fcteaktivit\u00e4ten, w\u00e4hrend die <\/span><b>B\u00fcrgermeister Ciez<\/b><span style=\"font-weight: 400;\">Tom\u00e1s Rubio tat dasselbe in seinem Vortrag \u00fcber die Bedeutung der Programmierung von Musik, Gastronomie, Kultur und Sportaktivit\u00e4ten im bl\u00fchenden Tourismus. Beatriz Obis, Tourismustechnikerin<\/span><b> Rathaus von Aitona<\/b><span style=\"font-weight: 400;\">, beeinflusste die Rolle der Frau bei der Bl\u00fcte des Pfirsichbaums und von der <\/span><b>Rathaus von Mula<\/b><span style=\"font-weight: 400;\">, Techniker Rub\u00e9n Caballero, analysierte die Ergebnisse der Erfahrungen seines MulaFlor 2024-Projekts.<\/span><\/p><p><span style=\"font-weight: 400;\">Europ\u00e4ische F\u00f6rderm\u00f6glichkeiten f\u00fcr bl\u00fchende Tourismusprojekte von Jos\u00e9 Luis Torneo (<\/span><b>Adri Group aus Vega del Segura<\/b><span style=\"font-weight: 400;\">) oder die Rolle des Landwirts im Zentrum des bl\u00fchenden Tourismus durch die <\/span><b>Agraringenieur<\/b><span style=\"font-weight: 400;\"> Pedro Fern\u00e1ndez waren weitere Vortr\u00e4ge der Konferenz.<\/span><\/p>\t\t\t\t\t\t\t\t<\/div>\n\t\t\t\t<\/div>\n\t\t\t\t<div class=\"elementor-element elementor-element-48410b8 elementor-widget elementor-widget-gallery\" data-id=\"48410b8\" data-element_type=\"widget\" data-settings=\"{&quot;columns&quot;:2,&quot;lazyload&quot;:&quot;yes&quot;,&quot;gallery_layout&quot;:&quot;grid&quot;,&quot;columns_tablet&quot;:2,&quot;columns_mobile&quot;:1,&quot;gap&quot;:{&quot;unit&quot;:&quot;px&quot;,&quot;size&quot;:10,&quot;sizes&quot;:[]},&quot;gap_tablet&quot;:{&quot;unit&quot;:&quot;px&quot;,&quot;size&quot;:10,&quot;sizes&quot;:[]},&quot;gap_mobile&quot;:{&quot;unit&quot;:&quot;px&quot;,&quot;size&quot;:10,&quot;sizes&quot;:[]},&quot;link_to&quot;:&quot;file&quot;,&quot;aspect_ratio&quot;:&quot;3:2&quot;,&quot;overlay_background&quot;:&quot;yes&quot;,&quot;content_hover_animation&quot;:&quot;fade-in&quot;}\" data-widget_type=\"gallery.default\">\n\t\t\t\t<div class=\"elementor-widget-container\">\n\t\t\t\t\t\t\t<div class=\"elementor-gallery__container\">\n\t\t\t\t\t\t\t<a class=\"e-gallery-item elementor-gallery-item elementor-animated-content\" href=\"https:\/\/floracion.es\/wp-content\/uploads\/2024\/01\/Foto-Floracion-1.jpg\" data-elementor-open-lightbox=\"yes\" data-elementor-lightbox-slideshow=\"48410b8\" data-elementor-lightbox-title=\"Foto-Floraci\u00f3n-1\" data-e-action-hash=\"#elementor-action%3Aaction%3Dlightbox%26settings%3DeyJpZCI6MjY2MSwidXJsIjoiaHR0cHM6XC9cL2Zsb3JhY2lvbi5lc1wvd3AtY29udGVudFwvdXBsb2Fkc1wvMjAyNFwvMDFcL0ZvdG8tRmxvcmFjaW9uLTEuanBnIiwic2xpZGVzaG93IjoiNDg0MTBiOCJ9\">\n\t\t\t\t\t<div class=\"e-gallery-image elementor-gallery-item__image\" data-thumbnail=\"https:\/\/floracion.es\/wp-content\/uploads\/2024\/01\/Foto-Floracion-1-768x432.jpg\" data-width=\"768\" data-height=\"432\" aria-label=\"Foto Bl\u00fcte 1\" role=\"img\" ><\/div>\n\t\t\t\t\t\t\t\t\t\t\t<div class=\"elementor-gallery-item__overlay\"><\/div>\n\t\t\t\t\t\t\t\t\t\t\t\t\t\t<\/a>\n\t\t\t\t\t\t\t<a class=\"e-gallery-item elementor-gallery-item elementor-animated-content\" href=\"https:\/\/floracion.es\/wp-content\/uploads\/2024\/03\/Fotofloracionweb3.jpg\" data-elementor-open-lightbox=\"yes\" data-elementor-lightbox-slideshow=\"48410b8\" data-elementor-lightbox-title=\"Fotofloracionweb3\" data-e-action-hash=\"#elementor-action%3Aaction%3Dlightbox%26settings%3DeyJpZCI6MjY2NCwidXJsIjoiaHR0cHM6XC9cL2Zsb3JhY2lvbi5lc1wvd3AtY29udGVudFwvdXBsb2Fkc1wvMjAyNFwvMDNcL0ZvdG9mbG9yYWNpb253ZWIzLmpwZyIsInNsaWRlc2hvdyI6IjQ4NDEwYjgifQ%3D%3D\">\n\t\t\t\t\t<div class=\"e-gallery-image elementor-gallery-item__image\" data-thumbnail=\"https:\/\/floracion.es\/wp-content\/uploads\/2024\/03\/Fotofloracionweb3-768x512.jpg\" data-width=\"768\" data-height=\"512\" aria-label=\"\" role=\"img\" ><\/div>\n\t\t\t\t\t\t\t\t\t\t\t<div class=\"elementor-gallery-item__overlay\"><\/div>\n\t\t\t\t\t\t\t\t\t\t\t\t\t\t<\/a>\n\t\t\t\t\t\t\t<a class=\"e-gallery-item elementor-gallery-item elementor-animated-content\" href=\"https:\/\/floracion.es\/wp-content\/uploads\/2024\/03\/FotoFloracionweb4.jpg\" data-elementor-open-lightbox=\"yes\" data-elementor-lightbox-slideshow=\"48410b8\" data-elementor-lightbox-title=\"FotoFloracionweb4\" data-e-action-hash=\"#elementor-action%3Aaction%3Dlightbox%26settings%3DeyJpZCI6MjY2MywidXJsIjoiaHR0cHM6XC9cL2Zsb3JhY2lvbi5lc1wvd3AtY29udGVudFwvdXBsb2Fkc1wvMjAyNFwvMDNcL0ZvdG9GbG9yYWNpb253ZWI0LmpwZyIsInNsaWRlc2hvdyI6IjQ4NDEwYjgifQ%3D%3D\">\n\t\t\t\t\t<div class=\"e-gallery-image elementor-gallery-item__image\" data-thumbnail=\"https:\/\/floracion.es\/wp-content\/uploads\/2024\/03\/FotoFloracionweb4-768x512.jpg\" data-width=\"768\" data-height=\"512\" aria-label=\"\" role=\"img\" ><\/div>\n\t\t\t\t\t\t\t\t\t\t\t<div class=\"elementor-gallery-item__overlay\"><\/div>\n\t\t\t\t\t\t\t\t\t\t\t\t\t\t<\/a>\n\t\t\t\t\t\t\t<a class=\"e-gallery-item elementor-gallery-item elementor-animated-content\" href=\"https:\/\/floracion.es\/wp-content\/uploads\/2024\/03\/FotoFloracionweb2.jpg\" data-elementor-open-lightbox=\"yes\" data-elementor-lightbox-slideshow=\"48410b8\" data-elementor-lightbox-title=\"FotoFloracionweb2\" data-e-action-hash=\"#elementor-action%3Aaction%3Dlightbox%26settings%3DeyJpZCI6MjY2NSwidXJsIjoiaHR0cHM6XC9cL2Zsb3JhY2lvbi5lc1wvd3AtY29udGVudFwvdXBsb2Fkc1wvMjAyNFwvMDNcL0ZvdG9GbG9yYWNpb253ZWIyLmpwZyIsInNsaWRlc2hvdyI6IjQ4NDEwYjgifQ%3D%3D\">\n\t\t\t\t\t<div class=\"e-gallery-image elementor-gallery-item__image\" data-thumbnail=\"https:\/\/floracion.es\/wp-content\/uploads\/2024\/03\/FotoFloracionweb2-768x512.jpg\" data-width=\"768\" data-height=\"512\" aria-label=\"\" role=\"img\" ><\/div>\n\t\t\t\t\t\t\t\t\t\t\t<div class=\"elementor-gallery-item__overlay\"><\/div>\n\t\t\t\t\t\t\t\t\t\t\t\t\t\t<\/a>\n\t\t\t\t\t<\/div>\n\t\t\t\t\t<\/div>\n\t\t\t\t<\/div>\n\t\t\t\t<div class=\"elementor-element elementor-element-3498a02 elementor-widget elementor-widget-text-editor\" data-id=\"3498a02\" data-element_type=\"widget\" data-widget_type=\"text-editor.default\">\n\t\t\t\t<div class=\"elementor-widget-container\">\n\t\t\t\t\t\t\t\t\t<p><b>Digitalisierung und Erfolg von floracion.es<\/b><\/p><p><span style=\"font-weight: 400;\">Hervorzuheben ist die Teilnahme von Arturo Soler und Alejandro Ortega, CEO bzw. Marketingdirektor von <\/span><b>Agrarmarketing Spanien<\/b><span style=\"font-weight: 400;\">. In ihrem Vortrag erkl\u00e4rten sie die Bedeutung der Digitalisierung, sozialer Netzwerke und der Entwicklung technologischer Tools wie einer APP der Blooms of Spain, um den Boom des aufkommenden Blumentourismus zu erkl\u00e4ren und das Besuchererlebnis zu verbessern. Sie lieferten Daten \u00fcber die starke Wirkung der Werbema\u00dfnahmen des Unternehmens im Rahmen des Projekts \u201eSpain Experience in Bloom\u201c sowie \u00fcber den erheblichen Besucherstrom auf der Website <\/span><a href=\"https:\/\/floracion.es\/de\/\"><span style=\"font-weight: 400;\">www.floracion.es<\/span><\/a><span style=\"font-weight: 400;\"> wurde vor einigen Monaten ins Leben gerufen und soll nationale und internationale Bl\u00fctentouristen anlocken.<\/span><\/p><p><span style=\"font-weight: 400;\">Zum Abschluss der Pr\u00e4sentationssitzung fand ein runder Tisch mit dem Titel \u201eBl\u00fchender Tourismus: eine Chance f\u00fcr l\u00e4ndliche Gebiete\u201c statt, an dem Aurora Jimenez (<\/span><b>Gredos Norte Verband der Handels- und Tourismusunternehmer<\/b><span style=\"font-weight: 400;\">), Jorge Lamir\u00e1n (<\/span><b>Reiseb\u00fcro f\u00fcr Familienreisen<\/b><span style=\"font-weight: 400;\">), Rocio Alcantara (<\/span><b>Nationaler Verband aktiver Tourismus- und \u00d6kotourismusunternehmen<\/b><span style=\"font-weight: 400;\">) und der auf die Bl\u00fcte spezialisierte Fotograf Fernando Galindo.<\/span><\/p><p><span style=\"font-weight: 400;\">Der Tag endete mit der Einweihung des <\/span><b>Wanderinterpretationszentrum der Blumen Spaniens<\/b><span style=\"font-weight: 400;\"> in der Lounge des Restaurants Jardines de Villanueva, wo es stattfand, gefolgt von einem Networking-Essen und einem Sonnenuntergangsweg zur Bl\u00fcte f\u00fcr die geladenen Teilnehmer.<\/span><\/p>\t\t\t\t\t\t\t\t<\/div>\n\t\t\t\t<\/div>\n\t\t\t\t\t<\/div>\n\t\t\t\t<\/div>\n\t\t\t\t<\/div>","protected":false},"excerpt":{"rendered":"<p>Am 7. M\u00e4rz organisierte Agromarketing Spain im Ricote Valley Hub das \u201eI Flowering Forum: Motor der l\u00e4ndlichen Entwicklung\u201c, an dem Techniker und Manager der wichtigsten Blumenz\u00fcchter Spaniens sowie des Ministeriums f\u00fcr Industrie, Handel und Tourismus teilnahmen, um Erfahrungen auszutauschen und Synergien zu erzeugen. Jerte-Tal (Kirsche), Brihuega (Lavendel), Sierra [\u2026]<\/p>","protected":false},"author":6,"featured_media":2661,"comment_status":"open","ping_status":"open","sticky":false,"template":"","format":"standard","meta":{"footnotes":""},"categories":[1],"tags":[],"class_list":["post-2660","post","type-post","status-publish","format-standard","has-post-thumbnail","hentry","category-floracion-en-espana"],"_links":{"self":[{"href":"https:\/\/floracion.es\/de\/wp-json\/wp\/v2\/posts\/2660","targetHints":{"allow":["GET"]}}],"collection":[{"href":"https:\/\/floracion.es\/de\/wp-json\/wp\/v2\/posts"}],"about":[{"href":"https:\/\/floracion.es\/de\/wp-json\/wp\/v2\/types\/post"}],"author":[{"embeddable":true,"href":"https:\/\/floracion.es\/de\/wp-json\/wp\/v2\/users\/6"}],"replies":[{"embeddable":true,"href":"https:\/\/floracion.es\/de\/wp-json\/wp\/v2\/comments?post=2660"}],"version-history":[{"count":4,"href":"https:\/\/floracion.es\/de\/wp-json\/wp\/v2\/posts\/2660\/revisions"}],"predecessor-version":[{"id":2668,"href":"https:\/\/floracion.es\/de\/wp-json\/wp\/v2\/posts\/2660\/revisions\/2668"}],"wp:featuredmedia":[{"embeddable":true,"href":"https:\/\/floracion.es\/de\/wp-json\/wp\/v2\/media\/2661"}],"wp:attachment":[{"href":"https:\/\/floracion.es\/de\/wp-json\/wp\/v2\/media?parent=2660"}],"wp:term":[{"taxonomy":"category","embeddable":true,"href":"https:\/\/floracion.es\/de\/wp-json\/wp\/v2\/categories?post=2660"},{"taxonomy":"post_tag","embeddable":true,"href":"https:\/\/floracion.es\/de\/wp-json\/wp\/v2\/tags?post=2660"}],"curies":[{"name":"wp","href":"https:\/\/api.w.org\/{rel}","templated":true}]}}