{"id":2588,"date":"2024-03-07T19:28:10","date_gmt":"2024-03-07T18:28:10","guid":{"rendered":"https:\/\/floracion.es\/?p=2588"},"modified":"2024-03-07T19:33:01","modified_gmt":"2024-03-07T18:33:01","slug":"fraga-un-espectaculo-de-floracion-que-rivaliza-con-el-valle-del-jerte","status":"publish","type":"post","link":"https:\/\/floracion.es\/de\/fraga-bietet-ein-bluhendes-spektakel-das-mit-dem-jerte-tal-konkurriert\/","title":{"rendered":"Fraga, ein bl\u00fchendes Spektakel, das dem Jerte-Tal Konkurrenz macht"},"content":{"rendered":"<div data-elementor-type=\"wp-post\" data-elementor-id=\"2588\" class=\"elementor elementor-2588\" data-elementor-post-type=\"post\">\n\t\t\t\t<div data-particle_enable=\"false\" data-particle-mobile-disabled=\"false\" class=\"elementor-element elementor-element-3a60645 e-flex e-con-boxed e-con e-parent\" data-id=\"3a60645\" data-element_type=\"container\" data-settings=\"{&quot;jet_parallax_layout_list&quot;:[]}\">\n\t\t\t\t\t<div class=\"e-con-inner\">\n\t\t\t\t<div class=\"elementor-element elementor-element-33693f9 elementor-widget elementor-widget-text-editor\" data-id=\"33693f9\" data-element_type=\"widget\" data-widget_type=\"text-editor.default\">\n\t\t\t\t<div class=\"elementor-widget-container\">\n\t\t\t\t\t\t\t\t\t<p><span style=\"font-weight: 400;\">Im Herzen von Huesca hat sich die Stadt Fraga zu einem unverzichtbaren Reiseziel f\u00fcr Liebhaber der Natur und der Fr\u00fchlingsbl\u00fcte entwickelt und bietet ein Erlebnis, das in Sch\u00f6nheit und Attraktivit\u00e4t mit den ber\u00fchmten Routen des Jerte-Tals konkurriert. In diesem Jahr feiert die aragonesische Stadt den Zauber der Bl\u00fcte mit der Initiative \u201eFloraci\u00f3n Fraga\u201c und hebt nicht nur die nat\u00fcrliche \u00c4sthetik ihrer Landschaften hervor, sondern auch den Wert ihrer lokalen Landwirtschaft, die eine Schl\u00fcsselrolle im Wirtschaftsmotor der Region Cinca spielt.<\/span><\/p><p><span style=\"font-weight: 400;\">Die Initiative umfasst die \u201eVII. Blumenroute\u201c und die \u201eII. Musik unter den Blumen\u201c, zwei Veranstaltungen, die die Besucher sonntags, 10. und 17. M\u00e4rz, in ihren Bann ziehen und Sport, Kultur und Tourismus in einem farbenfrohen Umfeld vereinen sollen. Die vom Stadtrat geleiteten Organisatoren haben drei verschiedene Routen vorbereitet: zwei Strecken von 15 bzw. 9 Kilometern, die zum Wandern geeignet sind, und eine 9 Kilometer lange Strecke f\u00fcr Radsportfans. Diese Touren versprechen ein zug\u00e4ngliches und angenehmes Erlebnis f\u00fcr alle, von Familien bis hin zu Gruppen von Freunden.<\/span><\/p><p><img fetchpriority=\"high\" decoding=\"async\" class=\"aligncenter wp-image-2594 size-full\" src=\"https:\/\/floracion.es\/wp-content\/uploads\/2024\/03\/imagen-de-archivo-de-la-ruta-de-la-floracion-de-fraga-1.webp\" alt=\"\" width=\"990\" height=\"556\" srcset=\"https:\/\/floracion.es\/wp-content\/uploads\/2024\/03\/imagen-de-archivo-de-la-ruta-de-la-floracion-de-fraga-1.webp 990w, https:\/\/floracion.es\/wp-content\/uploads\/2024\/03\/imagen-de-archivo-de-la-ruta-de-la-floracion-de-fraga-1-300x168.webp 300w, https:\/\/floracion.es\/wp-content\/uploads\/2024\/03\/imagen-de-archivo-de-la-ruta-de-la-floracion-de-fraga-1-768x431.webp 768w\" sizes=\"(max-width: 990px) 100vw, 990px\" \/><\/p><p><span style=\"font-weight: 400;\">Die Bl\u00fchroute l\u00e4dt nicht nur dazu ein, die wundersch\u00f6nen Landschaften von Fraga zu erkunden, sondern dient auch als lehrreiches Fenster zur Bl\u00fcte von Mandelb\u00e4umen und anderen Obstb\u00e4umen und bietet den Teilnehmern \u00fcber QR-Codes an markierten Punkten detaillierte Informationen. In diesem Jahr wird die Veranstaltung durch die Teilnahme lokaler Musiker und Professoren des Musikinstituts und des Berufskonservatoriums f\u00fcr Musik bereichert, die dem Erlebnis mit der \u201eII M\u00fasica entre las Flores\u201c einen einzigartigen Soundtrack verleihen werden.<\/span><\/p><p><span style=\"font-weight: 400;\">Die Stadtr\u00e4tin f\u00fcr Tourismus, Ver\u00f3nica Alins, betonte die Bedeutung dieser Aktivit\u00e4ten f\u00fcr die Wertsch\u00e4tzung der Landwirtschaft und die Anziehung von Besuchern, w\u00e4hrend Celsa Rufas, Vizepr\u00e4sidentin des Provinzrates von Huesca, Fragas F\u00e4higkeit lobte, seinen Obstsektor in eine Touristenattraktion zu verwandeln. Idoia Moreno, Leiterin des \u00f6rtlichen Tourismusb\u00fcros, erkl\u00e4rte, dass das Erlebnis darauf abzielt, das landwirtschaftliche Erbe und die Geschichte der Region zu feiern und eine einzigartige Verbindung zwischen Vergangenheit und Gegenwart herzustellen.<\/span><\/p><p><span style=\"font-weight: 400;\">Die Anmeldung f\u00fcr die Flowering Route ist bis zum 7. M\u00e4rz m\u00f6glich und verspricht den Teilnehmern einen Tag voller Farben, D\u00fcfte und Kl\u00e4nge, die die Essenz des Fr\u00fchlings einfangen. Mit erg\u00e4nzenden Aktivit\u00e4ten wie Kinderspielen sowie Musik- und Unterhaltungsr\u00e4umen am Ende der Tour positioniert sich Fraga als aufstrebendes Touristenziel, das Besucher mit seinem Naturschauspiel und seinem Engagement f\u00fcr die F\u00f6rderung von Kultur und nachhaltigem Tourismus in Erstaunen versetzen wird.<\/span><\/p>\t\t\t\t\t\t\t\t<\/div>\n\t\t\t\t<\/div>\n\t\t\t\t\t<\/div>\n\t\t\t\t<\/div>\n\t\t\t\t<\/div>","protected":false},"excerpt":{"rendered":"<p>Im Herzen von Huesca hat sich die Stadt Fraga zu einem unverzichtbaren Ziel f\u00fcr Naturliebhaber und Fr\u00fchlingsbl\u00fcher entwickelt und bietet ein Erlebnis, das in Sachen Sch\u00f6nheit und Reiz mit den ber\u00fchmten Routen des Jerte-Tals konkurriert. Dieses Jahr feiert die aragonesische Stadt den Zauber der Bl\u00fcte mit [\u2026]<\/p>","protected":false},"author":6,"featured_media":2593,"comment_status":"open","ping_status":"open","sticky":false,"template":"","format":"standard","meta":{"footnotes":""},"categories":[1],"tags":[],"class_list":["post-2588","post","type-post","status-publish","format-standard","has-post-thumbnail","hentry","category-floracion-en-espana"],"_links":{"self":[{"href":"https:\/\/floracion.es\/de\/wp-json\/wp\/v2\/posts\/2588","targetHints":{"allow":["GET"]}}],"collection":[{"href":"https:\/\/floracion.es\/de\/wp-json\/wp\/v2\/posts"}],"about":[{"href":"https:\/\/floracion.es\/de\/wp-json\/wp\/v2\/types\/post"}],"author":[{"embeddable":true,"href":"https:\/\/floracion.es\/de\/wp-json\/wp\/v2\/users\/6"}],"replies":[{"embeddable":true,"href":"https:\/\/floracion.es\/de\/wp-json\/wp\/v2\/comments?post=2588"}],"version-history":[{"count":6,"href":"https:\/\/floracion.es\/de\/wp-json\/wp\/v2\/posts\/2588\/revisions"}],"predecessor-version":[{"id":2597,"href":"https:\/\/floracion.es\/de\/wp-json\/wp\/v2\/posts\/2588\/revisions\/2597"}],"wp:featuredmedia":[{"embeddable":true,"href":"https:\/\/floracion.es\/de\/wp-json\/wp\/v2\/media\/2593"}],"wp:attachment":[{"href":"https:\/\/floracion.es\/de\/wp-json\/wp\/v2\/media?parent=2588"}],"wp:term":[{"taxonomy":"category","embeddable":true,"href":"https:\/\/floracion.es\/de\/wp-json\/wp\/v2\/categories?post=2588"},{"taxonomy":"post_tag","embeddable":true,"href":"https:\/\/floracion.es\/de\/wp-json\/wp\/v2\/tags?post=2588"}],"curies":[{"name":"wp","href":"https:\/\/api.w.org\/{rel}","templated":true}]}}