{"id":2519,"date":"2024-03-04T23:08:43","date_gmt":"2024-03-04T22:08:43","guid":{"rendered":"https:\/\/floracion.es\/?p=2519"},"modified":"2024-03-04T23:12:13","modified_gmt":"2024-03-04T22:12:13","slug":"explorando-el-valle-del-jerte-mas-alla-de-los-cerezos-en-flor","status":"publish","type":"post","link":"https:\/\/floracion.es\/de\/das-jerte-tal-jenseits-der-kirschbluten-erkunden\/","title":{"rendered":"Erkundung des Jerte-Tals: jenseits der Kirschbl\u00fcten"},"content":{"rendered":"<div data-elementor-type=\"wp-post\" data-elementor-id=\"2519\" class=\"elementor elementor-2519\" data-elementor-post-type=\"post\">\n\t\t\t\t<div data-particle_enable=\"false\" data-particle-mobile-disabled=\"false\" class=\"elementor-element elementor-element-cf03bfb e-flex e-con-boxed e-con e-parent\" data-id=\"cf03bfb\" data-element_type=\"container\" data-settings=\"{&quot;jet_parallax_layout_list&quot;:[]}\">\n\t\t\t\t\t<div class=\"e-con-inner\">\n\t\t\t\t<div class=\"elementor-element elementor-element-0c856ac elementor-widget elementor-widget-text-editor\" data-id=\"0c856ac\" data-element_type=\"widget\" data-widget_type=\"text-editor.default\">\n\t\t\t\t<div class=\"elementor-widget-container\">\n\t\t\t\t\t\t\t\t\t<div class=\"flex-1 overflow-hidden\"><div class=\"react-scroll-to-bottom--css-ldngj-79elbk h-full\"><div class=\"react-scroll-to-bottom--css-ldngj-1n7m0yu\"><div class=\"flex flex-col text-sm pb-9\"><div class=\"w-full text-token-text-primary\" data-testid=\"conversation-turn-11\"><div class=\"px-4 py-2 justify-center text-base md:gap-6 m-auto\"><div class=\"flex flex-1 text-base mx-auto gap-3 md:px-5 lg:px-1 xl:px-5 md:max-w-3xl lg:max-w-[40rem] xl:max-w-[48rem] group final-completion\"><div class=\"relative flex w-full flex-col agent-turn\"><div class=\"flex-col gap-1 md:gap-3\"><div class=\"flex flex-grow flex-col max-w-full\"><div class=\"min-h-[20px] text-message flex flex-col items-start gap-3 whitespace-pre-wrap break-words [.text-message+&amp;]:mt-5 overflow-x-auto\" data-message-author-role=\"assistant\" data-message-id=\"f86132b0-15ff-4ffe-80bf-8f39e248643e\"><div class=\"markdown prose w-full break-words dark:prose-invert light\"><p>Das Jerte-Tal in der wundersch\u00f6nen Region Extremadura ist in ganz Spanien f\u00fcr die spektakul\u00e4re Bl\u00fcte seiner Kirschb\u00e4ume im Fr\u00fchling bekannt. Diese bezaubernde Ecke der n\u00f6rdlichen Extremadura bietet jedoch viel mehr als nur die Aussicht auf wei\u00df gef\u00e4rbte Felder.<\/p><div class=\"flex flex-grow flex-col max-w-full\"><div class=\"min-h-[20px] text-message flex flex-col items-start gap-3 whitespace-pre-wrap break-words [.text-message+&amp;]:mt-5 overflow-x-auto\" data-message-author-role=\"assistant\" data-message-id=\"f86132b0-15ff-4ffe-80bf-8f39e248643e\"><div class=\"markdown prose w-full break-words dark:prose-invert light\"><p>Vom historischen Reichtum ihrer St\u00e4dte bis hin zur beeindruckenden nat\u00fcrlichen Sch\u00f6nheit ihrer Landschaften bietet diese Region ein umfassendes Erlebnis f\u00fcr Reisende auf der Suche nach Authentizit\u00e4t und \u00dcberraschungen. Tauchen Sie ein in den Zauber dieser Ecke der Extremadura und entdecken Sie all ihre Geheimnisse in jeder Ecke, die Sie erkunden.<\/p><\/div><\/div><\/div><div class=\"mt-1 flex justify-start gap-3 empty:hidden\"><div class=\"text-gray-400 flex self-end lg:self-center justify-center lg:justify-start mt-0 -ml-1 h-7 visible\">Lassen Sie uns gemeinsam f\u00fcnf Stationen entdecken, die diese Region zu einem unverzichtbaren Ziel auf jeder Reiseroute machen.<\/div><\/div><p><strong>1. Cabezuela del Valle: Geschichte und Charme<\/strong><\/p><p>Cabezuela del Valle liegt im Herzen des Tals und besticht durch seine Altstadt, die zum historisch-k\u00fcnstlerischen Denkmal erkl\u00e4rt wurde. Wei\u00dfe, mit Holz verzierte H\u00e4user bieten eine malerische und gem\u00fctliche Atmosph\u00e4re.<\/p><p><img fetchpriority=\"high\" decoding=\"async\" class=\"size-medium wp-image-2521 alignleft\" src=\"https:\/\/floracion.es\/wp-content\/uploads\/2024\/03\/cabezuella-valle-calle-principal-valle-jerte-300x225.jpg\" alt=\"\" width=\"300\" height=\"225\" srcset=\"https:\/\/floracion.es\/wp-content\/uploads\/2024\/03\/cabezuella-valle-calle-principal-valle-jerte-300x225.jpg 300w, https:\/\/floracion.es\/wp-content\/uploads\/2024\/03\/cabezuella-valle-calle-principal-valle-jerte-1024x768.jpg 1024w, https:\/\/floracion.es\/wp-content\/uploads\/2024\/03\/cabezuella-valle-calle-principal-valle-jerte-768x576.jpg 768w, https:\/\/floracion.es\/wp-content\/uploads\/2024\/03\/cabezuella-valle-calle-principal-valle-jerte.jpg 1200w\" sizes=\"(max-width: 300px) 100vw, 300px\" \/><\/p><p>Spazieren Sie durch die Stra\u00dfen, um die traditionelle Architektur zu bewundern, und begeben Sie sich auf einer Route zum Kloster San Jos\u00e9, die den kulturellen und nat\u00fcrlichen Reichtum der Region offenbart.<\/p><p><strong>2. Jerte: zwischen Obstb\u00e4umen und Traditionen<\/strong><\/p><p>Die von \u00fcppigen Obstg\u00e4rten umgebene Stadt Jerte ist ein verborgener Schatz im Tal. Erkunden Sie das Viertel Los Bueyes, werden Sie Zeuge der historischen Vergangenheit der Region und lassen Sie sich von der einzigartigen Atmosph\u00e4re verf\u00fchren, die diese Enklave im Fr\u00fchling umgibt.<\/p><figure id=\"attachment_2522\" aria-describedby=\"caption-attachment-2522\" style=\"width: 169px\" class=\"wp-caption alignleft\"><img decoding=\"async\" class=\"wp-image-2522 size-medium\" src=\"https:\/\/floracion.es\/wp-content\/uploads\/2024\/03\/jerte-pueblo-169x300.jpg\" alt=\"\" width=\"169\" height=\"300\" srcset=\"https:\/\/floracion.es\/wp-content\/uploads\/2024\/03\/jerte-pueblo-169x300.jpg 169w, https:\/\/floracion.es\/wp-content\/uploads\/2024\/03\/jerte-pueblo.jpg 450w\" sizes=\"(max-width: 169px) 100vw, 169px\" \/><figcaption id=\"caption-attachment-2522\" class=\"wp-caption-text\">Calleja de los Oxeyes: Stadt Jerte<\/figcaption><\/figure><p><strong>3. Garganta de los Infernos: Natur in ihrer reinsten Form<\/strong><\/p><p>Nicht weit von Jerte entfernt liegt die beeindruckende Garganta de los Infiernos, ein Naturparadies, in dem die Natur ihre ganze Sch\u00f6nheit zeigt. Lassen Sie sich von den seltsamen Felsformationen und dem kristallklaren Wasser, das sich zwischen ihnen schl\u00e4ngelt, in den Bann ziehen. Ein Spaziergang durch diese Enklave l\u00e4sst Sie in eine Welt voller Ruhe und Wunder eintauchen.<\/p><figure id=\"attachment_2525\" aria-describedby=\"caption-attachment-2525\" style=\"width: 1024px\" class=\"wp-caption aligncenter\"><img decoding=\"async\" class=\"wp-image-2525 size-full\" src=\"https:\/\/floracion.es\/wp-content\/uploads\/2024\/03\/garganta-de-los-infiernos-01_0e5edcff1b71175e1596483cc1c027b8.jpg\" alt=\"\" width=\"1024\" height=\"685\" srcset=\"https:\/\/floracion.es\/wp-content\/uploads\/2024\/03\/garganta-de-los-infiernos-01_0e5edcff1b71175e1596483cc1c027b8.jpg 1024w, https:\/\/floracion.es\/wp-content\/uploads\/2024\/03\/garganta-de-los-infiernos-01_0e5edcff1b71175e1596483cc1c027b8-300x201.jpg 300w, https:\/\/floracion.es\/wp-content\/uploads\/2024\/03\/garganta-de-los-infiernos-01_0e5edcff1b71175e1596483cc1c027b8-768x514.jpg 768w\" sizes=\"(max-width: 1024px) 100vw, 1024px\" \/><figcaption id=\"caption-attachment-2525\" class=\"wp-caption-text\">H\u00f6llenschlucht<\/figcaption><\/figure><p><strong>4. Tornavacas: Tradition und landschaftliche Sch\u00f6nheit<\/strong><\/p><p>In den H\u00f6hen des Tals erweist sich Tornavacas als ein Fleckchen traditioneller Architektur und beeindruckender Landschaften. Entdecken Sie sein architektonisches Erbe und tauchen Sie ein in die Geschichte, die seine gepflasterten Stra\u00dfen durchdringt. Die Carlos-V-Route, die in dieser bezaubernden Stadt beginnt, ist ein unverzichtbares Erlebnis f\u00fcr Geschichts- und Naturliebhaber.<\/p><p><img loading=\"lazy\" decoding=\"async\" class=\"size-medium wp-image-2523 aligncenter\" src=\"https:\/\/floracion.es\/wp-content\/uploads\/2024\/03\/tornavacas-pueblo-jerte-225x300.jpg\" alt=\"\" width=\"225\" height=\"300\" srcset=\"https:\/\/floracion.es\/wp-content\/uploads\/2024\/03\/tornavacas-pueblo-jerte-225x300.jpg 225w, https:\/\/floracion.es\/wp-content\/uploads\/2024\/03\/tornavacas-pueblo-jerte.jpg 675w\" sizes=\"(max-width: 225px) 100vw, 225px\" \/><\/p><p><strong>5. Mirador de la Memoria: ein unvergesslicher Abschied<\/strong><\/p><p>Bevor Sie sich vom Jerte-Tal verabschieden, machen Sie einen Halt am Mirador de la Memoria. Hier wird Ihnen der Panoramablick auf das Tal und die majest\u00e4tische Tormantos-Bergkette den Atem rauben. Dar\u00fcber hinaus verleihen die Gedenkskulpturen, die diesen Aussichtspunkt schm\u00fccken, Ihrem Erlebnis einen Hauch von Melancholie und Besinnung.<\/p><\/div><\/div><\/div><\/div><div class=\"absolute\"><div class=\"flex w-full gap-2 items-center justify-center\"><figure id=\"attachment_2524\" aria-describedby=\"caption-attachment-2524\" style=\"width: 800px\" class=\"wp-caption aligncenter\"><img loading=\"lazy\" decoding=\"async\" class=\"wp-image-2524 size-full\" src=\"https:\/\/floracion.es\/wp-content\/uploads\/2024\/03\/Mirador-de-la-Memoria-de-El-Torno.webp\" alt=\"\" width=\"800\" height=\"531\" srcset=\"https:\/\/floracion.es\/wp-content\/uploads\/2024\/03\/Mirador-de-la-Memoria-de-El-Torno.webp 800w, https:\/\/floracion.es\/wp-content\/uploads\/2024\/03\/Mirador-de-la-Memoria-de-El-Torno-300x199.webp 300w, https:\/\/floracion.es\/wp-content\/uploads\/2024\/03\/Mirador-de-la-Memoria-de-El-Torno-768x510.webp 768w\" sizes=\"(max-width: 800px) 100vw, 800px\" \/><figcaption id=\"caption-attachment-2524\" class=\"wp-caption-text\">Erinnerungsstandpunkt<\/figcaption><\/figure><\/div><\/div><\/div><\/div><\/div><\/div><p>\u00a0<\/p><\/div><\/div><\/div><\/div><div class=\"w-full pt-2 md:pt-0 dark:border-white\/20 md:border-transparent md:dark:border-transparent md:w-[calc(100%-.5rem)]\"><form class=\"stretch mx-2 flex flex-row gap-3 last:mb-2 md:mx-4 md:last:mb-6 lg:mx-auto lg:max-w-2xl xl:max-w-3xl\" action=\"\"><div class=\"relative flex h-full flex-1 flex-col\"><div class=\"flex w-full items-center\">\u00a0<\/div><\/div><input type=\"hidden\" name=\"trp-form-language\" value=\"de\"\/><\/form><\/div>\t\t\t\t\t\t\t\t<\/div>\n\t\t\t\t<\/div>\n\t\t\t\t\t<\/div>\n\t\t\t\t<\/div>\n\t\t\t\t<\/div>","protected":false},"excerpt":{"rendered":"<p>Das Jerte-Tal in der wundersch\u00f6nen Region Extremadura ist in ganz Spanien f\u00fcr seine spektakul\u00e4re Kirschbl\u00fcte im Fr\u00fchling bekannt. Diese reizvolle Ecke im Norden der Extremadura bietet jedoch viel mehr als nur den Anblick wei\u00df gef\u00e4rbter Felder. Vom historischen Reichtum seiner St\u00e4dte bis zur beeindruckenden Sch\u00f6nheit [\u2026]<\/p>","protected":false},"author":6,"featured_media":2529,"comment_status":"open","ping_status":"open","sticky":false,"template":"","format":"standard","meta":{"footnotes":""},"categories":[1],"tags":[],"class_list":["post-2519","post","type-post","status-publish","format-standard","has-post-thumbnail","hentry","category-floracion-en-espana"],"_links":{"self":[{"href":"https:\/\/floracion.es\/de\/wp-json\/wp\/v2\/posts\/2519","targetHints":{"allow":["GET"]}}],"collection":[{"href":"https:\/\/floracion.es\/de\/wp-json\/wp\/v2\/posts"}],"about":[{"href":"https:\/\/floracion.es\/de\/wp-json\/wp\/v2\/types\/post"}],"author":[{"embeddable":true,"href":"https:\/\/floracion.es\/de\/wp-json\/wp\/v2\/users\/6"}],"replies":[{"embeddable":true,"href":"https:\/\/floracion.es\/de\/wp-json\/wp\/v2\/comments?post=2519"}],"version-history":[{"count":4,"href":"https:\/\/floracion.es\/de\/wp-json\/wp\/v2\/posts\/2519\/revisions"}],"predecessor-version":[{"id":2528,"href":"https:\/\/floracion.es\/de\/wp-json\/wp\/v2\/posts\/2519\/revisions\/2528"}],"wp:featuredmedia":[{"embeddable":true,"href":"https:\/\/floracion.es\/de\/wp-json\/wp\/v2\/media\/2529"}],"wp:attachment":[{"href":"https:\/\/floracion.es\/de\/wp-json\/wp\/v2\/media?parent=2519"}],"wp:term":[{"taxonomy":"category","embeddable":true,"href":"https:\/\/floracion.es\/de\/wp-json\/wp\/v2\/categories?post=2519"},{"taxonomy":"post_tag","embeddable":true,"href":"https:\/\/floracion.es\/de\/wp-json\/wp\/v2\/tags?post=2519"}],"curies":[{"name":"wp","href":"https:\/\/api.w.org\/{rel}","templated":true}]}}