{"id":2497,"date":"2024-02-29T11:15:21","date_gmt":"2024-02-29T10:15:21","guid":{"rendered":"https:\/\/floracion.es\/?p=2497"},"modified":"2024-02-29T11:23:50","modified_gmt":"2024-02-29T10:23:50","slug":"la-floracion-del-valle-del-jerte-cuando-y-como-disfrutarla-en-este-2024","status":"publish","type":"post","link":"https:\/\/floracion.es\/de\/die-blute-des-jerte-tals-wann-und-wie-man-sie-im-jahr-2024-geniesen-kann\/","title":{"rendered":"Die Bl\u00fcte des Jerte-Tals: Wann und wie man sie im Jahr 2024 genie\u00dfen kann"},"content":{"rendered":"<div data-elementor-type=\"wp-post\" data-elementor-id=\"2497\" class=\"elementor elementor-2497\" data-elementor-post-type=\"post\">\n\t\t\t\t<div data-particle_enable=\"false\" data-particle-mobile-disabled=\"false\" class=\"elementor-element elementor-element-2027ec2 e-flex e-con-boxed e-con e-parent\" data-id=\"2027ec2\" data-element_type=\"container\" data-settings=\"{&quot;jet_parallax_layout_list&quot;:[]}\">\n\t\t\t\t\t<div class=\"e-con-inner\">\n\t\t\t\t<div class=\"elementor-element elementor-element-2616e5b elementor-widget elementor-widget-heading\" data-id=\"2616e5b\" data-element_type=\"widget\" data-widget_type=\"heading.default\">\n\t\t\t\t<div class=\"elementor-widget-container\">\n\t\t\t\t\t<h2 class=\"elementor-heading-title elementor-size-default\"><span><span style=\"font-size: 15pt; font-family: Arial, sans-serif; color: rgb(42, 52, 61); background-color: transparent; font-variant-numeric: normal; font-variant-east-asian: normal; font-variant-alternates: normal; font-variant-position: normal; vertical-align: baseline;\">Wie das Commonwealth berichtet, ist das Programm dieses Jahr \u201evollgepackt mit kulturellen, sportlichen, gastronomischen Veranstaltungen, Vorschl\u00e4gen f\u00fcr aktiven Tourismus und Festlichkeiten, die \u2026\u201c <\/span><span style=\"font-size: 15pt; font-family: Arial, sans-serif; color: rgb(42, 52, 61); background-color: transparent; font-variant-numeric: normal; font-variant-east-asian: normal; font-variant-alternates: normal; font-variant-position: normal; vertical-align: baseline;\">wird den Besucher, der auf der Suche nach neuen Eindr\u00fccken ist, in das Tal des Fr\u00fchlings eintauchen lassen.\u201c<\/span><\/span><\/h2>\t\t\t\t<\/div>\n\t\t\t\t<\/div>\n\t\t\t\t\t<\/div>\n\t\t\t\t<\/div>\n\t\t<div data-particle_enable=\"false\" data-particle-mobile-disabled=\"false\" class=\"elementor-element elementor-element-27e448b e-flex e-con-boxed e-con e-parent\" data-id=\"27e448b\" data-element_type=\"container\" data-settings=\"{&quot;jet_parallax_layout_list&quot;:[]}\">\n\t\t\t\t\t<div class=\"e-con-inner\">\n\t\t\t\t<div class=\"elementor-element elementor-element-4ba50f4 elementor-widget elementor-widget-text-editor\" data-id=\"4ba50f4\" data-element_type=\"widget\" data-widget_type=\"text-editor.default\">\n\t\t\t\t<div class=\"elementor-widget-container\">\n\t\t\t\t\t\t\t\t\t<p>Die lang erwartete Kirschbl\u00fcte im Jerte-Tal r\u00fcckt n\u00e4her und bietet ein einzigartiges und faszinierendes Naturschauspiel. Laut dem offiziellen Programm f\u00fcr 2024 findet das Fr\u00fchlings- und Kirschbl\u00fctenfest von nationalem touristischem Interesse am 22. M\u00e4rz statt, dem Datum, das f\u00fcr die institutionelle Er\u00f6ffnungszeremonie des Kirschbl\u00fctenfestivals von nationalem touristischem Interesse auf der Plaza de las festgelegt wurde Eras de Piornal, am 7. April, wo die Abschlussveranstaltung in Cabezuela del Valle stattfinden wird.<\/p><p><img fetchpriority=\"high\" decoding=\"async\" class=\"aligncenter wp-image-2499\" src=\"https:\/\/floracion.es\/wp-content\/uploads\/2024\/02\/Floracion-jerte-300x210.webp\" alt=\"\" width=\"800\" height=\"560\" srcset=\"https:\/\/floracion.es\/wp-content\/uploads\/2024\/02\/Floracion-jerte-300x210.webp 300w, https:\/\/floracion.es\/wp-content\/uploads\/2024\/02\/Floracion-jerte-1024x717.webp 1024w, https:\/\/floracion.es\/wp-content\/uploads\/2024\/02\/Floracion-jerte-768x538.webp 768w, https:\/\/floracion.es\/wp-content\/uploads\/2024\/02\/Floracion-jerte.webp 1200w\" sizes=\"(max-width: 800px) 100vw, 800px\" \/><\/p><p>Doch ein paar Tage zuvor wird vom 16. bis 21. M\u00e4rz, als Vorgeschmack auf die Bl\u00fctezeit von Jerte, in den Schluchten von Jerte das Erwachen des Tals gefeiert, was die Erwartungen der Besucher steigert.<\/p><p>Dar\u00fcber hinaus k\u00f6nnen Sie vom 8. April bis 3. Mai den Bl\u00fctenregen genie\u00dfen, der diesem Fr\u00fchlingserlebnis eine magische Note verleiht.<\/p><p>Dies ist auch der Zeitpunkt, an dem die Goldenen Kirschen 2024 verliehen werden, die h\u00f6chste Auszeichnung der Region, mit der \u201edie Arbeit von Personen, Unternehmen oder Organisationen gew\u00fcrdigt wird, die zur Aufwertung und Verbreitung des Jerte-Tals beigetragen haben\u201c. \/oder seine Produkte.<\/p><p><img decoding=\"async\" class=\"aligncenter wp-image-2500 size-full\" src=\"https:\/\/floracion.es\/wp-content\/uploads\/2024\/02\/thumbnail_Cerezas-de-oro-2024-valle-del-jerte-copia.jpg\" alt=\"\" width=\"908\" height=\"474\" srcset=\"https:\/\/floracion.es\/wp-content\/uploads\/2024\/02\/thumbnail_Cerezas-de-oro-2024-valle-del-jerte-copia.jpg 908w, https:\/\/floracion.es\/wp-content\/uploads\/2024\/02\/thumbnail_Cerezas-de-oro-2024-valle-del-jerte-copia-300x157.jpg 300w, https:\/\/floracion.es\/wp-content\/uploads\/2024\/02\/thumbnail_Cerezas-de-oro-2024-valle-del-jerte-copia-768x401.jpg 768w\" sizes=\"(max-width: 908px) 100vw, 908px\" \/><\/p><h2>Entdecken Sie die Bl\u00fctezeit von Jerte und seiner Umgebung<\/h2><p>Die Bl\u00fcte der Kirschb\u00e4ume verwandelt die Landschaft des Jerte-Tals in ein Meer aus Wei\u00df, ein Erlebnis, das Sie dazu einl\u00e4dt, die bezaubernden St\u00e4dte und Naturlandschaften zu erkunden. Die Terrassen und Terrassen des Tals beherbergen die verg\u00e4ngliche Sch\u00f6nheit der Kirschb\u00e4ume und schaffen ein optisch umwerfendes Bild.<\/p><p>Wenn Sie die verschiedenen St\u00e4dte im Tal besichtigen, k\u00f6nnen Sie die vielf\u00e4ltigen Perspektiven dieser Bl\u00fcte genie\u00dfen, von den H\u00f6hen von Tornavacas bis zum Naturschutzgebiet Garganta de los Infiernos.<\/p><p>Die Route Karls V. verbindet Jerte mit La Vera und erinnert an die Schritte des Kaisers im 16. Jahrhundert. Auf dieser Reise k\u00f6nnen Sie beeindruckende geologische Formationen wie die Marmitas de Gigante oder Los Pilones bewundern und bei einem Besuch des Kirschmuseums in Cabezuela del Valle in die lokale Geschichte und Kultur eintauchen.<\/p><p>Zus\u00e4tzlich zum Naturschauspiel k\u00f6nnen Besucher die reichhaltige Gastronomie der Region genie\u00dfen, wie z. B. Eintopf aus Extremadura, Picadillo und Jerte\u00f1a-Forelle. Wanderungen durch die Wasserf\u00e4lle der Garganta de las Nogaleas oder die Erkundung von St\u00e4dten wie Piornal und El Torno bieten unvergessliche Erlebnisse.<\/p><p>Plasencia, eine Stadt in der N\u00e4he des Jerte-Tals, bietet mit ihrer mittelalterlichen Architektur und ihrem beeindruckenden historischen Erbe eine weitere kulturelle Attraktion. Von den Mauern bis zum Kongresspalast offenbart die Stadt in jeder Ecke Jahrhunderte Geschichte und Moderne.<\/p><p>Die Bl\u00fcte des Jerte-Tals im Jahr 2024 verspricht ein bereicherndes Erlebnis f\u00fcr Natur-, Kultur- und Abenteuerliebhaber zu werden und alle dazu einzuladen, die einzigartige Sch\u00f6nheit dieser Ecke der Extremadura zu entdecken.<\/p>\t\t\t\t\t\t\t\t<\/div>\n\t\t\t\t<\/div>\n\t\t\t\t\t<\/div>\n\t\t\t\t<\/div>\n\t\t<div data-particle_enable=\"false\" data-particle-mobile-disabled=\"false\" class=\"elementor-element elementor-element-cbd94dc e-flex e-con-boxed e-con e-parent\" data-id=\"cbd94dc\" data-element_type=\"container\" data-settings=\"{&quot;jet_parallax_layout_list&quot;:[]}\">\n\t\t\t\t\t<div class=\"e-con-inner\">\n\t\t\t\t<div class=\"elementor-element elementor-element-adbc58d elementor-widget elementor-widget-text-editor\" data-id=\"adbc58d\" data-element_type=\"widget\" data-widget_type=\"text-editor.default\">\n\t\t\t\t<div class=\"elementor-widget-container\">\n\t\t\t\t\t\t\t\t\t<p>WERBEVIDEO DER BL\u00dcTE DES JERTE-TALS 2024<\/p><p><iframe title=\"Kirschbl\u00fcte. Jerte-Tal. (Festival von nationalem touristischem Interesse)\" width=\"800\" height=\"450\" src=\"https:\/\/www.youtube.com\/embed\/dvLCpbyOdRw?feature=oembed\" frameborder=\"0\" allow=\"accelerometer; autoplay; clipboard-write; encrypted-media; gyroscope; picture-in-picture; web-share\" allowfullscreen><\/iframe><\/p>\t\t\t\t\t\t\t\t<\/div>\n\t\t\t\t<\/div>\n\t\t\t\t\t<\/div>\n\t\t\t\t<\/div>\n\t\t\t\t<\/div>","protected":false},"excerpt":{"rendered":"<p>Laut Mancomunidad ist das diesj\u00e4hrige Programm \u201evollgepackt mit kulturellen, sportlichen und gastronomischen Veranstaltungen, Angeboten f\u00fcr den Aktivtourismus und Festlichkeiten, die den Besuchern, die sich nach neuen Eindr\u00fccken sehnen, das Fr\u00fchlingstal n\u00e4her bringen und erleben werden.\u201c Die lang erwartete Kirschbl\u00fcte im Jerte-Tal steht vor der T\u00fcr, [\u2026]<\/p>","protected":false},"author":6,"featured_media":2504,"comment_status":"open","ping_status":"open","sticky":false,"template":"","format":"standard","meta":{"footnotes":""},"categories":[1],"tags":[],"class_list":["post-2497","post","type-post","status-publish","format-standard","has-post-thumbnail","hentry","category-floracion-en-espana"],"_links":{"self":[{"href":"https:\/\/floracion.es\/de\/wp-json\/wp\/v2\/posts\/2497","targetHints":{"allow":["GET"]}}],"collection":[{"href":"https:\/\/floracion.es\/de\/wp-json\/wp\/v2\/posts"}],"about":[{"href":"https:\/\/floracion.es\/de\/wp-json\/wp\/v2\/types\/post"}],"author":[{"embeddable":true,"href":"https:\/\/floracion.es\/de\/wp-json\/wp\/v2\/users\/6"}],"replies":[{"embeddable":true,"href":"https:\/\/floracion.es\/de\/wp-json\/wp\/v2\/comments?post=2497"}],"version-history":[{"count":6,"href":"https:\/\/floracion.es\/de\/wp-json\/wp\/v2\/posts\/2497\/revisions"}],"predecessor-version":[{"id":2509,"href":"https:\/\/floracion.es\/de\/wp-json\/wp\/v2\/posts\/2497\/revisions\/2509"}],"wp:featuredmedia":[{"embeddable":true,"href":"https:\/\/floracion.es\/de\/wp-json\/wp\/v2\/media\/2504"}],"wp:attachment":[{"href":"https:\/\/floracion.es\/de\/wp-json\/wp\/v2\/media?parent=2497"}],"wp:term":[{"taxonomy":"category","embeddable":true,"href":"https:\/\/floracion.es\/de\/wp-json\/wp\/v2\/categories?post=2497"},{"taxonomy":"post_tag","embeddable":true,"href":"https:\/\/floracion.es\/de\/wp-json\/wp\/v2\/tags?post=2497"}],"curies":[{"name":"wp","href":"https:\/\/api.w.org\/{rel}","templated":true}]}}