{"id":2452,"date":"2024-02-12T11:44:00","date_gmt":"2024-02-12T10:44:00","guid":{"rendered":"https:\/\/floracion.es\/?p=2452"},"modified":"2024-02-16T11:54:31","modified_gmt":"2024-02-16T10:54:31","slug":"agromarketing-arranca-en-fitur-el-tour-colores-y-sabores-de-espana-para-promocionar-el-turismo-de-floracion-y-calidad-de-sus-productos-agroalimentarios","status":"publish","type":"post","link":"https:\/\/floracion.es\/de\/agromarketing-startet-bei-fitur-die-tour-farben-und-aromen-spaniens-um-den-bluhenden-tourismus-und-die-qualitat-seiner-agrar-und-lebensmittelprodukte-zu-fordern\/","title":{"rendered":"Agromarketing startet bei FITUR die Tour \u201eFarben und Aromen Spaniens\u201c, um den bl\u00fchenden Tourismus und die Qualit\u00e4t seiner Agrar- und Lebensmittelprodukte zu f\u00f6rdern"},"content":{"rendered":"<div data-elementor-type=\"wp-post\" data-elementor-id=\"2452\" class=\"elementor elementor-2452\" data-elementor-post-type=\"post\">\n\t\t\t\t<div data-particle_enable=\"false\" data-particle-mobile-disabled=\"false\" class=\"elementor-element elementor-element-ae70a80 e-flex e-con-boxed e-con e-parent\" data-id=\"ae70a80\" data-element_type=\"container\" data-settings=\"{&quot;jet_parallax_layout_list&quot;:[]}\">\n\t\t\t\t\t<div class=\"e-con-inner\">\n\t\t\t\t<div class=\"elementor-element elementor-element-a6dabec elementor-widget elementor-widget-text-editor\" data-id=\"a6dabec\" data-element_type=\"widget\" data-widget_type=\"text-editor.default\">\n\t\t\t\t<div class=\"elementor-widget-container\">\n\t\t\t\t\t\t\t\t\t<blockquote><p dir=\"ltr\" role=\"presentation\"><em>Hunderte Sorten mit Cieza-Pfirsichbl\u00fcten und Informationsbrosch\u00fcren des Agrotourismus-Projekts \u201eExperience Espa\u00f1a en Floraci\u00f3n\u201c (<a href=\"https:\/\/floracion.es\/de\/\" target=\"_blank\" rel=\"noopener\" data-saferedirecturl=\"https:\/\/www.google.com\/url?q=http:\/\/www.floracion.es&amp;source=gmail&amp;ust=1708165998057000&amp;usg=AOvVaw1O0qC-2VJJeoQsivjNAjZV\">www.floracion.es<\/a>) wurden anl\u00e4sslich von FITUR an Passanten an der Puerta del Sol, dem K\u00f6nigspalast, der Plaza Mayor und der Plaza de Espa\u00f1a in Madrid verteilt. Es gab auch einen Live-Auftritt des S\u00e4ngers Alejandro Ortega von der Gruppe Lucky Duckes, der das Lied \u201eFloraci\u00f3n\u201c komponierte.<\/em><\/p><p dir=\"ltr\" role=\"presentation\"><em>Die Initiative wird mit verschiedenen Aktionen durch das Land reisen, um den aufkommenden bl\u00fchenden Tourismus und die Qualit\u00e4t der Agrarlebensmittelprodukte aus diesen l\u00e4ndlichen Gebieten hervorzuheben: Sonnenblumen, Lavendel, Steinobstb\u00e4ume, Mohn, Piornos, Apfelb\u00e4ume oder Zitrusb\u00e4ume.<\/em><\/p><\/blockquote><p dir=\"ltr\">Der <strong>zentralen Pl\u00e4tze von Madrid<\/strong> waren der Ort, der ausgew\u00e4hlt wurde, um Passanten mit der Sch\u00f6nheit der Bl\u00fcte verschiedener Kulturpflanzen in Spanien und mit der Qualit\u00e4t seiner Agrar- und Lebensmittelprodukte zu \u00fcberraschen, dem Ziel des <strong>Agrotourismus-Projekt \u201eSpanien in voller Bl\u00fcte erleben\u201c<\/strong> (<a href=\"https:\/\/floracion.es\/de\/\" target=\"_blank\" rel=\"noopener\" data-saferedirecturl=\"https:\/\/www.google.com\/url?q=http:\/\/www.floracion.es&amp;source=gmail&amp;ust=1708165998057000&amp;usg=AOvVaw1O0qC-2VJJeoQsivjNAjZV\">www.floracion.es<\/a>). Hunderte Sorten mit Pfirsichbl\u00fcten aus Cieza (Murcia) und Informationsbrosch\u00fcren wurden im verteilt\u00a0<strong>Puerta del Sol, Plaza Mayor, K\u00f6nigspalast und Plaza de Espa\u00f1a in Madrid<\/strong>, die Hauptstadt, in der diese Woche die Internationale Tourismusmesse Madrid stattfindet.<\/p><p dir=\"ltr\">Die direkte Werbeaktion an den symboltr\u00e4chtigen Veranstaltungsorten in Madrid umfasste auch einen Live- und Akustikauftritt von\u00a0<strong>Alejandro Ortega<\/strong>, S\u00e4nger der Musikgruppe <strong>Gl\u00fcckliche Enten<\/strong>\u00a0der den Originalsong \u201eFloraci\u00f3n\u201c, den Soundtrack der Kampagne, komponierte\u00a0<strong>\u201eTour zu den Farben und Aromen Spaniens\u201c<\/strong> Das wird mit verschiedenen Initiativen durch das Land reisen, bei denen es darum geht, die Arbeit des Agrarsektors und die durch die Bl\u00fcte von Sonnenblumen, Lavendel, Steinobstb\u00e4umen, Zitrusfr\u00fcchten oder Apfelb\u00e4umen erzeugte Wertsch\u00f6pfung als Touristenattraktion f\u00fcr l\u00e4ndliche Gebiete darzustellen und die Qualit\u00e4t dieser Agrar- und Lebensmittelprodukte.<\/p>\t\t\t\t\t\t\t\t<\/div>\n\t\t\t\t<\/div>\n\t\t<div data-particle_enable=\"false\" data-particle-mobile-disabled=\"false\" class=\"elementor-element elementor-element-803df9f e-flex e-con-boxed e-con e-child\" data-id=\"803df9f\" data-element_type=\"container\" data-settings=\"{&quot;jet_parallax_layout_list&quot;:[]}\">\n\t\t\t\t\t<div class=\"e-con-inner\">\n\t\t\t\t<div class=\"elementor-element elementor-element-41d1526 elementor-widget elementor-widget-image\" data-id=\"41d1526\" data-element_type=\"widget\" data-widget_type=\"image.default\">\n\t\t\t\t<div class=\"elementor-widget-container\">\n\t\t\t\t\t\t\t\t\t\t\t\t\t\t\t<img fetchpriority=\"high\" decoding=\"async\" width=\"600\" height=\"800\" src=\"https:\/\/floracion.es\/wp-content\/uploads\/2024\/02\/foto-3.jpg\" class=\"elementor-animation-grow attachment-full size-full wp-image-2455\" alt=\"Foto 3\" srcset=\"https:\/\/floracion.es\/wp-content\/uploads\/2024\/02\/foto-3.jpg 600w, https:\/\/floracion.es\/wp-content\/uploads\/2024\/02\/foto-3-225x300.jpg 225w\" sizes=\"(max-width: 600px) 100vw, 600px\" \/>\t\t\t\t\t\t\t\t\t\t\t\t\t\t\t<\/div>\n\t\t\t\t<\/div>\n\t\t\t\t<div class=\"elementor-element elementor-element-6479357 elementor-widget elementor-widget-image\" data-id=\"6479357\" data-element_type=\"widget\" data-widget_type=\"image.default\">\n\t\t\t\t<div class=\"elementor-widget-container\">\n\t\t\t\t\t\t\t\t\t\t\t\t\t\t\t<img decoding=\"async\" width=\"600\" height=\"800\" src=\"https:\/\/floracion.es\/wp-content\/uploads\/2024\/02\/foto-1.jpg\" class=\"elementor-animation-grow attachment-full size-full wp-image-2453\" alt=\"Foto 1\" srcset=\"https:\/\/floracion.es\/wp-content\/uploads\/2024\/02\/foto-1.jpg 600w, https:\/\/floracion.es\/wp-content\/uploads\/2024\/02\/foto-1-225x300.jpg 225w\" sizes=\"(max-width: 600px) 100vw, 600px\" \/>\t\t\t\t\t\t\t\t\t\t\t\t\t\t\t<\/div>\n\t\t\t\t<\/div>\n\t\t\t\t\t<\/div>\n\t\t\t\t<\/div>\n\t\t\t\t<div class=\"elementor-element elementor-element-55816f0 elementor-widget elementor-widget-text-editor\" data-id=\"55816f0\" data-element_type=\"widget\" data-widget_type=\"text-editor.default\">\n\t\t\t\t<div class=\"elementor-widget-container\">\n\t\t\t\t\t\t\t\t\t<h2 dir=\"ltr\">Pr\u00e4sentation bei Fitur<\/h2><p dir=\"ltr\">Zu den Aktionen des Projekts \u201eErleben Sie Spanien in voller Bl\u00fcte\u201c, das auf der Internationalen Tourismusmesse in Madrid angek\u00fcndigt wurde, geh\u00f6rt die Einf\u00fchrung des\u00a0<a href=\"https:\/\/floracion.es\/de\/club-spanien-in-voller-blute\/\" target=\"_blank\" rel=\"noopener\" data-saferedirecturl=\"https:\/\/www.google.com\/url?q=https:\/\/floracion.es\/club-espana-en-floracion\/&amp;source=gmail&amp;ust=1708165998057000&amp;usg=AOvVaw2XR11UBA6eexgfoq93LEsp\">Club Espa\u00f1a in voller Bl\u00fcte<\/a>\u00a0mit den Einrichtungen und Unternehmen, die den bl\u00fchenden Tourismus im ganzen Land f\u00f6rdern, darunter Stadtr\u00e4te wie Cieza, Aitona und Calanda, Tourismusunternehmen aus dem Jerte-Tal, dem Commonwealth der Sidra-Region, IGP Pachar\u00e1n, die bereits Teil von Navarro oder dem Berufsverband von sind Reisef\u00fchrer f\u00fcr Galizien; die Schaffung einer Qualit\u00e4tsmarke, technologische Hilfsmittel wie die mobile Anwendung aller Bl\u00fcten, ein reisendes Interpretationszentrum der Bl\u00fcten Spaniens oder das Portal\u00a0<a href=\"https:\/\/floracion.es\/de\/\" target=\"_blank\" rel=\"noopener\" data-saferedirecturl=\"https:\/\/www.google.com\/url?q=http:\/\/www.floracion.es&amp;source=gmail&amp;ust=1708165998057000&amp;usg=AOvVaw1O0qC-2VJJeoQsivjNAjZV\">www.floracion.es<\/a>\u00a0um potenzielle Besucher anzulocken.<\/p><p dir=\"ltr\">Dar\u00fcber hinaus der n\u00e4chste\u00a0<strong>7. M\u00e4rz<\/strong>\u00a0Die Region Murcia wird Gastgeber sein <strong>I Internationales Blumenforum: Motor der l\u00e4ndlichen Entwicklung<\/strong>\u00a0Hier werden verschiedene Experten und Akteure aus der F\u00f6rderung des bl\u00fchenden Tourismus zusammenkommen, um die neuesten Trends vorzustellen und Synergien zu schaffen. Er\u00a0<strong>8. M\u00e4rz<\/strong>\u00a0Mit Gruppen behinderter Menschen aus ganz Spanien wird eine barrierefreie Blumenroute stattfinden.<\/p><p dir=\"ltr\">Das Projekt \u201eSpanien in voller Bl\u00fcte erleben\u201c wurde von der ausgew\u00e4hlt\u00a0<strong>Ministerium f\u00fcr Industrie, Handel und Tourismus<\/strong>\u00a0als eines der innovativsten touristischen Erlebnisse des Landes mit europ\u00e4ischen Mitteln aus dem Recovery, Transformation and Resilience Plan.<\/p><h2 dir=\"ltr\">Treffen mit Agenturen<\/h2><p dir=\"ltr\">Agrarmarketing (<a href=\"http:\/\/www.agromarketing.es\/\" target=\"_blank\" rel=\"noopener\" data-saferedirecturl=\"https:\/\/www.google.com\/url?q=http:\/\/www.agromarketing.es&amp;source=gmail&amp;ust=1708165998057000&amp;usg=AOvVaw2H46qprP-MEuOAODWh4xv_\">www.agromarketing.es<\/a>), Unternehmen, das das Agrotourismus-Projekt \u201eExperience Espa\u00f1a en Floraci\u00f3n\u201c leitet, nutzte FITUR, um sich mit F\u00fchrungskr\u00e4ften von Unternehmen zu treffen, die bereits dem Club Espa\u00f1a en Floraci\u00f3n beigetreten sind, wie Cieza, Calanda, Garganta de los Infiernos, Mancomunidad de la Comarca de la Sidra und Aitona, denen das G\u00fctesiegel \u201eSpain in Bloom\u201c verliehen wurde. Dar\u00fcber hinaus f\u00fchrte er mehr als 20 Treffen mit verschiedenen Organisationen durch, die Interesse an einer Beteiligung an der Initiative hatten und sich aus erster Hand \u00fcber die Ma\u00dfnahmen und Ziele des Projekts informieren wollten.<\/p><p dir=\"ltr\">Gleichzeitig war es eine Gelegenheit, das Projekt nationalen und ausl\u00e4ndischen Reiseb\u00fcros und Reiseveranstaltern vorzustellen, die daran interessiert waren, Reisegruppen \u00fcber die Plattform das Erlebnis zu bieten, Spanien anhand der Bl\u00fcte der verschiedenen Kulturpflanzen des Landes kennenzulernen.\u00a0<a href=\"https:\/\/floracion.es\/de\/\" target=\"_blank\" rel=\"noopener\" data-saferedirecturl=\"https:\/\/www.google.com\/url?q=http:\/\/www.floracion.es&amp;source=gmail&amp;ust=1708165998057000&amp;usg=AOvVaw1O0qC-2VJJeoQsivjNAjZV\">www.floracion.es<\/a>.<\/p>\t\t\t\t\t\t\t\t<\/div>\n\t\t\t\t<\/div>\n\t\t\t\t\t<\/div>\n\t\t\t\t<\/div>\n\t\t\t\t<\/div>","protected":false},"excerpt":{"rendered":"<p>Hunderte Zweige mit Cieza-Pfirsichbl\u00fcten sowie Informationsbrosch\u00fcren des Agrotourismus-Projektes \u201eErleben Sie ein bl\u00fchendes Spanien\u201c (www.floracion.es) wurden anl\u00e4sslich der FITUR an Passanten auf der Puerta del Sol, dem K\u00f6nigspalast, der Plaza Mayor und der Plaza de Espa\u00f1a in Madrid verteilt. Es gab auch einen Live-Auftritt des S\u00e4ngers Alejandro Ortega aus [\u2026]<\/p>","protected":false},"author":6,"featured_media":2454,"comment_status":"open","ping_status":"open","sticky":false,"template":"","format":"standard","meta":{"footnotes":""},"categories":[1],"tags":[],"class_list":["post-2452","post","type-post","status-publish","format-standard","has-post-thumbnail","hentry","category-floracion-en-espana"],"_links":{"self":[{"href":"https:\/\/floracion.es\/de\/wp-json\/wp\/v2\/posts\/2452","targetHints":{"allow":["GET"]}}],"collection":[{"href":"https:\/\/floracion.es\/de\/wp-json\/wp\/v2\/posts"}],"about":[{"href":"https:\/\/floracion.es\/de\/wp-json\/wp\/v2\/types\/post"}],"author":[{"embeddable":true,"href":"https:\/\/floracion.es\/de\/wp-json\/wp\/v2\/users\/6"}],"replies":[{"embeddable":true,"href":"https:\/\/floracion.es\/de\/wp-json\/wp\/v2\/comments?post=2452"}],"version-history":[{"count":7,"href":"https:\/\/floracion.es\/de\/wp-json\/wp\/v2\/posts\/2452\/revisions"}],"predecessor-version":[{"id":2463,"href":"https:\/\/floracion.es\/de\/wp-json\/wp\/v2\/posts\/2452\/revisions\/2463"}],"wp:featuredmedia":[{"embeddable":true,"href":"https:\/\/floracion.es\/de\/wp-json\/wp\/v2\/media\/2454"}],"wp:attachment":[{"href":"https:\/\/floracion.es\/de\/wp-json\/wp\/v2\/media?parent=2452"}],"wp:term":[{"taxonomy":"category","embeddable":true,"href":"https:\/\/floracion.es\/de\/wp-json\/wp\/v2\/categories?post=2452"},{"taxonomy":"post_tag","embeddable":true,"href":"https:\/\/floracion.es\/de\/wp-json\/wp\/v2\/tags?post=2452"}],"curies":[{"name":"wp","href":"https:\/\/api.w.org\/{rel}","templated":true}]}}