{"id":2401,"date":"2024-01-19T18:34:45","date_gmt":"2024-01-19T17:34:45","guid":{"rendered":"https:\/\/floracion.es\/?p=2401"},"modified":"2024-01-19T18:35:22","modified_gmt":"2024-01-19T17:35:22","slug":"mula-presenta-su-fiesta-del-almendro-en-flor","status":"publish","type":"post","link":"https:\/\/floracion.es\/de\/mula-prasentiert-sein-mandelblutenfest\/","title":{"rendered":"Mula pr\u00e4sentiert sein Mandelbl\u00fctenfest"},"content":{"rendered":"<div data-elementor-type=\"wp-post\" data-elementor-id=\"2401\" class=\"elementor elementor-2401\" data-elementor-post-type=\"post\">\n\t\t\t\t<div data-particle_enable=\"false\" data-particle-mobile-disabled=\"false\" class=\"elementor-element elementor-element-c044aae e-flex e-con-boxed e-con e-parent\" data-id=\"c044aae\" data-element_type=\"container\" data-settings=\"{&quot;jet_parallax_layout_list&quot;:[]}\">\n\t\t\t\t\t<div class=\"e-con-inner\">\n\t\t\t\t<div class=\"elementor-element elementor-element-41c5fc4 elementor-widget elementor-widget-text-editor\" data-id=\"41c5fc4\" data-element_type=\"widget\" data-widget_type=\"text-editor.default\">\n\t\t\t\t<div class=\"elementor-widget-container\">\n\t\t\t\t\t\t\t\t\t<p><span style=\"font-weight: 400;\">Der Stadtrat von Mula hat die Initiative diese Woche in der Stadt Murcia vorgestellt <\/span><b>MulaFlor 2024<\/b><span style=\"font-weight: 400;\">, das Mula Mandelbl\u00fctenfest. Eine Veranstaltung, die im Februar und Anfang M\u00e4rz zahlreiche Aktivit\u00e4ten umfasst.<\/span><\/p><p><span style=\"font-weight: 400;\">Das erkl\u00e4rte der B\u00fcrgermeister der Stadt, Juan Jes\u00fas Moreno <\/span><b>\u201eMulaFlor 2024 ist die Feier des Lebens in Mula<\/b><span style=\"font-weight: 400;\">. Ein Leben, das durch seine Geschichte und seine Menschen schl\u00e4gt.\u201c Und er hat die Gelegenheit genutzt, um hervorzuheben <\/span><b>die Rolle, die die Blumen der Region Murcia international einnehmen<\/b><span style=\"font-weight: 400;\">.<\/span><\/p><p><span style=\"font-weight: 400;\">Mula zeichnet sich dar\u00fcber hinaus dadurch aus, dass es das ist<\/span><b> Spanische Gemeinde mit der gr\u00f6\u00dften Mandelanbaufl\u00e4che<\/b><span style=\"font-weight: 400;\"> mit mehr als 20.000 Hektar Mandelb\u00e4umen.<\/span><\/p><h2><b>MulaFlor 2024 Programmierung<\/b><\/h2><p><span style=\"font-weight: 400;\">MulaFlor 2024, das Mula Mandelbl\u00fctenfestival, bietet ein umfangreiches Programm f\u00fcr alle Zuschauer:<\/span><b> gef\u00fchrte Routen und Touren rund um die Mandelplantagen, gastronomische Verkostungen und Verkostungen, Fotorouten, Wettbewerbe und Workshops,<\/b><span style=\"font-weight: 400;\"> Crewtreffen in Casas Nuevas und Fuente Librilla, neben vielen anderen Initiativen.<\/span><\/p><p><span style=\"font-weight: 400;\">Zu den Neuerungen geh\u00f6rt die 1. Ausgabe der MulaFlor 2024 Awards, bei der relevante Pers\u00f6nlichkeiten der Gemeinde in Kategorien wie Tourismus, Landwirtschaft oder soziales Engagement geehrt werden. Eine Veranstaltung, die als Abschluss des Mula Almendro Festivals geplant ist und die darauf abzielt, eine zu werden <\/span><b>j\u00e4hrliche Referenzveranstaltung in der Stadt.<\/b><\/p><p><span style=\"font-weight: 400;\">Weitere Informationen auf der Website <\/span><a href=\"https:\/\/feriadelalmendroenflor.turismodemula.es\/\" target=\"_blank\" rel=\"noopener\"><span style=\"font-weight: 400;\">https:\/\/feriadelalmendroenflor.turismodemula.es\/<\/span><\/a><\/p>\t\t\t\t\t\t\t\t<\/div>\n\t\t\t\t<\/div>\n\t\t\t\t\t<\/div>\n\t\t\t\t<\/div>\n\t\t\t\t<\/div>","protected":false},"excerpt":{"rendered":"<p>Diese Woche hat der Stadtrat von Mula in der Stadt Murcia die Initiative MulaFlor 2024, das Mandelbl\u00fctenfest von Mula, vorgestellt. Eine Veranstaltung mit zahlreichen Aktivit\u00e4ten in den Monaten Februar und Anfang M\u00e4rz. Der B\u00fcrgermeister der Stadt, Juan Jes\u00fas Moreno, erkl\u00e4rte: \u201eMulaFlor 2024 ist [\u2026]<\/p>","protected":false},"author":6,"featured_media":2402,"comment_status":"open","ping_status":"open","sticky":false,"template":"","format":"standard","meta":{"footnotes":""},"categories":[1],"tags":[],"class_list":["post-2401","post","type-post","status-publish","format-standard","has-post-thumbnail","hentry","category-floracion-en-espana"],"_links":{"self":[{"href":"https:\/\/floracion.es\/de\/wp-json\/wp\/v2\/posts\/2401","targetHints":{"allow":["GET"]}}],"collection":[{"href":"https:\/\/floracion.es\/de\/wp-json\/wp\/v2\/posts"}],"about":[{"href":"https:\/\/floracion.es\/de\/wp-json\/wp\/v2\/types\/post"}],"author":[{"embeddable":true,"href":"https:\/\/floracion.es\/de\/wp-json\/wp\/v2\/users\/6"}],"replies":[{"embeddable":true,"href":"https:\/\/floracion.es\/de\/wp-json\/wp\/v2\/comments?post=2401"}],"version-history":[{"count":4,"href":"https:\/\/floracion.es\/de\/wp-json\/wp\/v2\/posts\/2401\/revisions"}],"predecessor-version":[{"id":2406,"href":"https:\/\/floracion.es\/de\/wp-json\/wp\/v2\/posts\/2401\/revisions\/2406"}],"wp:featuredmedia":[{"embeddable":true,"href":"https:\/\/floracion.es\/de\/wp-json\/wp\/v2\/media\/2402"}],"wp:attachment":[{"href":"https:\/\/floracion.es\/de\/wp-json\/wp\/v2\/media?parent=2401"}],"wp:term":[{"taxonomy":"category","embeddable":true,"href":"https:\/\/floracion.es\/de\/wp-json\/wp\/v2\/categories?post=2401"},{"taxonomy":"post_tag","embeddable":true,"href":"https:\/\/floracion.es\/de\/wp-json\/wp\/v2\/tags?post=2401"}],"curies":[{"name":"wp","href":"https:\/\/api.w.org\/{rel}","templated":true}]}}