{"id":1582,"date":"2023-02-10T10:02:32","date_gmt":"2023-02-10T09:02:32","guid":{"rendered":"https:\/\/floracion.es\/?p=1582"},"modified":"2023-07-03T10:54:41","modified_gmt":"2023-07-03T08:54:41","slug":"la-carcel-vieja-de-murcia-sirve-de-escenario-par-la-presentacion-de-floracion-de-cieza-2023","status":"publish","type":"post","link":"https:\/\/floracion.es\/de\/das-alte-gefangnis-in-murcia-dient-als-kulisse-fur-die-prasentation-der-blutezeit-2023-von-cieza\/","title":{"rendered":"Das alte Gef\u00e4ngnis von Murcia dient als B\u00fchne f\u00fcr die Pr\u00e4sentation von Floraci\u00f3n de Cieza 2023"},"content":{"rendered":"<div data-elementor-type=\"wp-post\" data-elementor-id=\"1582\" class=\"elementor elementor-1582\" data-elementor-post-type=\"post\">\n\t\t\t\t\t\t<section data-particle_enable=\"false\" data-particle-mobile-disabled=\"false\" class=\"elementor-section elementor-top-section elementor-element elementor-element-0d157a9 elementor-section-boxed elementor-section-height-default elementor-section-height-default\" data-id=\"0d157a9\" data-element_type=\"section\" data-settings=\"{&quot;jet_parallax_layout_list&quot;:[]}\">\n\t\t\t\t\t\t<div class=\"elementor-container elementor-column-gap-default\">\n\t\t\t\t\t<div class=\"elementor-column elementor-col-100 elementor-top-column elementor-element elementor-element-bf896e1\" data-id=\"bf896e1\" data-element_type=\"column\">\n\t\t\t<div class=\"elementor-widget-wrap elementor-element-populated\">\n\t\t\t\t\t\t<div class=\"elementor-element elementor-element-048db0a elementor-widget elementor-widget-text-editor\" data-id=\"048db0a\" data-element_type=\"widget\" data-widget_type=\"text-editor.default\">\n\t\t\t\t<div class=\"elementor-widget-container\">\n\t\t\t\t\t\t\t\t\t<blockquote>\n<h2>Die Pr\u00e4sentation des touristischen Programms, das Cieza einen Monat voller Emotionen und Aktivit\u00e4ten bescheren wird, fand im symboltr\u00e4chtigen C\u00e1rcel Vieja de Murcia statt.<\/h2>\n<\/blockquote>\nMit dem Fr\u00fchling erwachen die Felder von Cieza zum Leben, die Bl\u00fcten ihrer Fr\u00fcchte \u00f6ffnen sich und mit ihnen kehrt \u201eFloraci\u00f3n\u201c zur\u00fcck, das herausragende Tourismusprogramm der Stadtverwaltung von Cieza, das im vergangenen Jahr 80.000 Menschen in die Stadt lockte. Bei der Veranstaltung, die vom 24. Februar bis 19. M\u00e4rz stattfinden wird, wurde die siebte Ausgabe des \u201eFloraci\u00f3n International Tourism Plan\u201c vorgestellt. W\u00e4hrend dieser Zeit k\u00f6nnen Besucher zahlreiche Aktivit\u00e4ten im Zusammenhang mit Natur, Gastronomie, Kulturerbe, darstellenden K\u00fcnsten und Sport genie\u00dfen, die die verschiedenen Bl\u00fctenbl\u00e4tter von \u201eBlooming\u201c bilden. An der Pr\u00e4sentation nahmen Pascual Lucas und Jos\u00e9 Antonio Serrano, B\u00fcrgermeister von Cieza bzw. Murcia, sowie Juan Francisco Mart\u00ednez, Generaldirektor f\u00fcr Tourismus, Antonio Moya, Stadtrat f\u00fcr Tourismus, Mar\u00eda Jes\u00fas L\u00f3pez, Stadtr\u00e4tin f\u00fcr Handel, Conchi Villa, teil f\u00fcr Kultur, und Antonio Semitiel, Stadtrat f\u00fcr Sport. Dieses Naturschauspiel namens \u201eBl\u00fcte\u201c zieht jedes Jahr Tausende von Besuchern an, weshalb der Plan, diese einzigartige Farbenexplosion weltweit bekannt zu machen, \u201einternational\u201c genannt wird. Es ist ein Erlebnis, das man nur auf den Feldern von Cieza machen kann, wo Millionen von Blumen die Landschaft \u00fcberfluten. Es ist nicht nur eine Touristenattraktion, sondern auch ein herausragendes kulturelles und gastronomisches Ereignis. \u201eEs ist ein Projekt, das das Ergebnis der harten Arbeit der Cieza-Bauern wertsch\u00e4tzt, die nach der Bewirtschaftung der Obstfelder die wahren Architekten dieser einzigartigen Landschaft sind, die nur die Bl\u00fcte schaffen kann und die es uns erm\u00f6glicht, die Fr\u00fcchte zu genie\u00dfen.\u201c Cieza-Knochen\u201c, betonte Moya. Pascual Lucas, B\u00fcrgermeister von Cieza, betonte seinerseits das Engagement der Stadtregierung f\u00fcr das Wachstum dieses Projekts und f\u00fcr alle beteiligten Sektoren, darunter Landwirte, Tourismusunternehmen, den kommerziellen Sektor, das Gastgewerbe und nat\u00fcrlich die Touristen aus beiden Murcia sowie aus Spanien und dem Rest der Welt, damit jeder die Wunder erleben kann, die die Stadt bietet. In dieser siebten Ausgabe wird \u201eFloraci\u00f3n\u201c von zahlreichen Aktivit\u00e4ten begleitet, die jeweils in einem der Bl\u00fctenbl\u00e4tter eingerahmt sind, aus denen das Programm besteht. Die darstellenden K\u00fcnste und das \u201eFlor Cieza Festival\u201c sind die Protagonisten, aber das Programm ist auch umfangreich und umfasst die Bereiche Natur, Kulturerbe, Sport und Gastronomie. Die Gala wurde durch mehrere musikalische Darbietungen der Cieza-Gruppe Lucky Duckes belebt, die dem Anlass eine besondere Note verliehen.\n\n<iframe width=\"560\" height=\"315\" src=\"https:\/\/www.youtube.com\/embed\/dIBd2_50lX8\" title=\"YouTube-Videoplayer\" frameborder=\"0\" allow=\"accelerometer; autoplay; clipboard-write; encrypted-media; gyroscope; picture-in-picture; web-share\" allowfullscreen><\/iframe>\n\nDen vollst\u00e4ndigen Zeitplan der Floraci\u00f3n de Cieza 2023 finden Sie unter folgendem Link: <a href=\"https:\/\/floracion.es\/wp-content\/uploads\/2023\/07\/programacin_floracin-2023.pdf\">Komplettes Cieza-Bl\u00fcteprogramm 2023<\/a>\t\t\t\t\t\t\t\t<\/div>\n\t\t\t\t<\/div>\n\t\t\t\t\t<\/div>\n\t\t<\/div>\n\t\t\t\t\t<\/div>\n\t\t<\/section>\n\t\t\t\t<\/div>","protected":false},"excerpt":{"rendered":"<p>Die Pr\u00e4sentation des Tourismusprogramms, das Cieza einen Monat voller Emotionen und Aktivit\u00e4ten bescheren wird, fand im symboltr\u00e4chtigen C\u00e1rcel Vieja de Murcia statt. Mit der Ankunft des Fr\u00fchlings erwachen die Felder von Cieza zum Leben, wenn sich die Bl\u00fcten an ihren Fr\u00fcchten \u00f6ffnen, und mit ihnen kehrt die \u201eFloraci\u00f3n\u201c zur\u00fcck, das herausragende Tourismusprogramm [\u2026]<\/p>","protected":false},"author":6,"featured_media":1583,"comment_status":"open","ping_status":"open","sticky":false,"template":"","format":"standard","meta":{"footnotes":""},"categories":[1],"tags":[],"class_list":["post-1582","post","type-post","status-publish","format-standard","has-post-thumbnail","hentry","category-floracion-en-espana"],"_links":{"self":[{"href":"https:\/\/floracion.es\/de\/wp-json\/wp\/v2\/posts\/1582","targetHints":{"allow":["GET"]}}],"collection":[{"href":"https:\/\/floracion.es\/de\/wp-json\/wp\/v2\/posts"}],"about":[{"href":"https:\/\/floracion.es\/de\/wp-json\/wp\/v2\/types\/post"}],"author":[{"embeddable":true,"href":"https:\/\/floracion.es\/de\/wp-json\/wp\/v2\/users\/6"}],"replies":[{"embeddable":true,"href":"https:\/\/floracion.es\/de\/wp-json\/wp\/v2\/comments?post=1582"}],"version-history":[{"count":13,"href":"https:\/\/floracion.es\/de\/wp-json\/wp\/v2\/posts\/1582\/revisions"}],"predecessor-version":[{"id":1600,"href":"https:\/\/floracion.es\/de\/wp-json\/wp\/v2\/posts\/1582\/revisions\/1600"}],"wp:featuredmedia":[{"embeddable":true,"href":"https:\/\/floracion.es\/de\/wp-json\/wp\/v2\/media\/1583"}],"wp:attachment":[{"href":"https:\/\/floracion.es\/de\/wp-json\/wp\/v2\/media?parent=1582"}],"wp:term":[{"taxonomy":"category","embeddable":true,"href":"https:\/\/floracion.es\/de\/wp-json\/wp\/v2\/categories?post=1582"},{"taxonomy":"post_tag","embeddable":true,"href":"https:\/\/floracion.es\/de\/wp-json\/wp\/v2\/tags?post=1582"}],"curies":[{"name":"wp","href":"https:\/\/api.w.org\/{rel}","templated":true}]}}