{"id":1575,"date":"2023-02-22T09:39:00","date_gmt":"2023-02-22T08:39:00","guid":{"rendered":"https:\/\/floracion.es\/?p=1575"},"modified":"2023-07-03T09:42:34","modified_gmt":"2023-07-03T07:42:34","slug":"la-ribera-del-ebro-en-flor","status":"publish","type":"post","link":"https:\/\/floracion.es\/de\/die-ufer-des-ebro-in-blute\/","title":{"rendered":"Die Ribera del Ebro bl\u00fcht"},"content":{"rendered":"<div data-elementor-type=\"wp-post\" data-elementor-id=\"1575\" class=\"elementor elementor-1575\" data-elementor-post-type=\"post\">\n\t\t\t\t\t\t<section data-particle_enable=\"false\" data-particle-mobile-disabled=\"false\" class=\"elementor-section elementor-top-section elementor-element elementor-element-84bc201 elementor-section-boxed elementor-section-height-default elementor-section-height-default\" data-id=\"84bc201\" data-element_type=\"section\" data-settings=\"{&quot;jet_parallax_layout_list&quot;:[]}\">\n\t\t\t\t\t\t<div class=\"elementor-container elementor-column-gap-default\">\n\t\t\t\t\t<div class=\"elementor-column elementor-col-100 elementor-top-column elementor-element elementor-element-8bd787c\" data-id=\"8bd787c\" data-element_type=\"column\">\n\t\t\t<div class=\"elementor-widget-wrap elementor-element-populated\">\n\t\t\t\t\t\t<div class=\"elementor-element elementor-element-1cd97e8 elementor-widget elementor-widget-text-editor\" data-id=\"1cd97e8\" data-element_type=\"widget\" data-widget_type=\"text-editor.default\">\n\t\t\t\t<div class=\"elementor-widget-container\">\n\t\t\t\t\t\t\t\t\t<p>Die Obstb\u00e4ume der Ribera del Ebro verwandeln sich in ein Meer aus Farben, angefangen bei den Mandelb\u00e4umen, die mit Blumen geschm\u00fcckt sind, gefolgt von den Pfirsichb\u00e4umen und schlie\u00dflich den Pflaumenb\u00e4umen. Jedes Jahr lockt dieses Naturschauspiel immer mehr Menschen an, die sich an diesem wundersch\u00f6nen Schauspiel erfreuen m\u00f6chten, das etwa zwei Monate dauert. Dank seiner geografischen Lage und H\u00f6henlage, nahe am Mittelmeer und nur wenige Meter \u00fcber dem Meeresspiegel, hat sich diese Region zu einem geeigneten Ort f\u00fcr den Anbau s\u00fc\u00dfer Fr\u00fcchte entwickelt.<\/p><p>Im Jahr 2023 l\u00e4dt die Bl\u00fcte dazu ein, alle Gemeinden dieser Gegend zu erkunden. Eine der Routen, die Sie w\u00e4hlen k\u00f6nnen, ist die Asc\u00f3-Vinebre-Route, die zwei verschiedene Routen bietet: eine von Asc\u00f3 und die andere von Vinebre. Diese Touren f\u00fchren Sie durch Mandelbl\u00fctenfelder, wo Sie die M\u00f6glichkeit haben, Weine zu probieren und sich von einem erfahrenen Winzer beraten zu lassen.<\/p><p><img fetchpriority=\"high\" decoding=\"async\" class=\"alignleft wp-image-1577\" src=\"https:\/\/floracion.es\/wp-content\/uploads\/2023\/07\/Mapa-Floracion-Ribera-D\u00b4Ebre-169x300.webp\" alt=\"\" width=\"300\" height=\"534\" srcset=\"https:\/\/floracion.es\/wp-content\/uploads\/2023\/07\/Mapa-Floracion-Ribera-D\u00b4Ebre-169x300.webp 169w, https:\/\/floracion.es\/wp-content\/uploads\/2023\/07\/Mapa-Floracion-Ribera-D\u00b4Ebre-575x1024.webp 575w, https:\/\/floracion.es\/wp-content\/uploads\/2023\/07\/Mapa-Floracion-Ribera-D\u00b4Ebre-768x1367.webp 768w, https:\/\/floracion.es\/wp-content\/uploads\/2023\/07\/Mapa-Floracion-Ribera-D\u00b4Ebre-863x1536.webp 863w, https:\/\/floracion.es\/wp-content\/uploads\/2023\/07\/Mapa-Floracion-Ribera-D\u00b4Ebre.webp 1124w\" sizes=\"(max-width: 300px) 100vw, 300px\" \/><\/p><p>W\u00e4hrend der Reise werden Sie auch von einem \u00f6rtlichen Imker begleitet, der Ihnen die Kunst der Honigproduktion zeigt und Verkostungen und Aktivit\u00e4ten rund um die Ribera del Ebro anbietet. Dar\u00fcber hinaus haben Sie sonntags die M\u00f6glichkeit, mehr \u00fcber die Weine zu erfahren eines Winzers. Diese Aktivit\u00e4ten sind f\u00fcr die Samstage, den 25. Februar und den 4. M\u00e4rz, sowie die Sonntage, den 26. Februar und den 5. M\u00e4rz, geplant.<\/p><p><br \/>Die vorgeschlagenen Routen f\u00fchren Sie auch zu anderen bezaubernden Gemeinden in der Umgebung, wie Benissanet, Flix, Pas de Barca und Ginestar. Um Ihren Besuch zu organisieren, k\u00f6nnen Sie auf den bereitgestellten Link zugreifen.<\/p><p>Verpassen Sie nicht die Gelegenheit, in die Pracht der Bl\u00fcte einzutauchen und die reiche Kultur der Ribera del Ebro zu entdecken.<\/p><p>Link: <a href=\"https:\/\/www.turismeriberaebre.org\/proposta\/floracio-ribera-ebre\/\" target=\"_blank\" rel=\"noopener\">Tourismus Ribera del Ebro (Turisme Ribera D\u00b4Ebre)<\/a><\/p>\t\t\t\t\t\t\t\t<\/div>\n\t\t\t\t<\/div>\n\t\t\t\t\t<\/div>\n\t\t<\/div>\n\t\t\t\t\t<\/div>\n\t\t<\/section>\n\t\t\t\t<\/div>","protected":false},"excerpt":{"rendered":"<p>Die Obstb\u00e4ume der Ribera del Ebro verwandeln sich in ein Meer aus Farben, angefangen bei den bl\u00fctenbedeckten Mandelb\u00e4umen, gefolgt von den Pfirsichb\u00e4umen und schlie\u00dflich den Pflaumenb\u00e4umen. Jedes Jahr zieht dieses Naturschauspiel immer mehr Menschen an, die sich an diesem wundersch\u00f6nen Schauspiel erfreuen m\u00f6chten, das andauert [\u2026]<\/p>","protected":false},"author":6,"featured_media":0,"comment_status":"open","ping_status":"open","sticky":false,"template":"","format":"standard","meta":{"footnotes":""},"categories":[1],"tags":[],"class_list":["post-1575","post","type-post","status-publish","format-standard","hentry","category-floracion-en-espana"],"_links":{"self":[{"href":"https:\/\/floracion.es\/de\/wp-json\/wp\/v2\/posts\/1575","targetHints":{"allow":["GET"]}}],"collection":[{"href":"https:\/\/floracion.es\/de\/wp-json\/wp\/v2\/posts"}],"about":[{"href":"https:\/\/floracion.es\/de\/wp-json\/wp\/v2\/types\/post"}],"author":[{"embeddable":true,"href":"https:\/\/floracion.es\/de\/wp-json\/wp\/v2\/users\/6"}],"replies":[{"embeddable":true,"href":"https:\/\/floracion.es\/de\/wp-json\/wp\/v2\/comments?post=1575"}],"version-history":[{"count":4,"href":"https:\/\/floracion.es\/de\/wp-json\/wp\/v2\/posts\/1575\/revisions"}],"predecessor-version":[{"id":1581,"href":"https:\/\/floracion.es\/de\/wp-json\/wp\/v2\/posts\/1575\/revisions\/1581"}],"wp:attachment":[{"href":"https:\/\/floracion.es\/de\/wp-json\/wp\/v2\/media?parent=1575"}],"wp:term":[{"taxonomy":"category","embeddable":true,"href":"https:\/\/floracion.es\/de\/wp-json\/wp\/v2\/categories?post=1575"},{"taxonomy":"post_tag","embeddable":true,"href":"https:\/\/floracion.es\/de\/wp-json\/wp\/v2\/tags?post=1575"}],"curies":[{"name":"wp","href":"https:\/\/api.w.org\/{rel}","templated":true}]}}