{"id":1560,"date":"2023-06-26T17:29:02","date_gmt":"2023-06-26T15:29:02","guid":{"rendered":"https:\/\/floracion.es\/?p=1560"},"modified":"2023-06-26T18:50:10","modified_gmt":"2023-06-26T16:50:10","slug":"el-actual-periodo-de-lluvias-en-el-bierzo-sera-determinante-en-el-cuajado-de-la-floracion-de-los-castanos-que-poseen-buen-nivel","status":"publish","type":"post","link":"https:\/\/floracion.es\/de\/die-derzeitige-regenzeit-im-bierzo-wird-entscheidend-fur-die-blute-der-kastanienbaume-sein-die-dort-ein-gutes-niveau-erreichen\/","title":{"rendered":"Bl\u00fcte, ein Farbenspektakel in der Ribera d&#039;Ebre"},"content":{"rendered":"<div data-elementor-type=\"wp-post\" data-elementor-id=\"1560\" class=\"elementor elementor-1560\" data-elementor-post-type=\"post\">\n\t\t\t\t\t\t<section data-particle_enable=\"false\" data-particle-mobile-disabled=\"false\" class=\"elementor-section elementor-top-section elementor-element elementor-element-e23e428 elementor-section-boxed elementor-section-height-default elementor-section-height-default\" data-id=\"e23e428\" data-element_type=\"section\" data-settings=\"{&quot;jet_parallax_layout_list&quot;:[]}\">\n\t\t\t\t\t\t<div class=\"elementor-container elementor-column-gap-default\">\n\t\t\t\t\t<div class=\"elementor-column elementor-col-100 elementor-top-column elementor-element elementor-element-e82ec2d\" data-id=\"e82ec2d\" data-element_type=\"column\">\n\t\t\t<div class=\"elementor-widget-wrap elementor-element-populated\">\n\t\t\t\t\t\t<div class=\"elementor-element elementor-element-d90aea0 elementor-widget__width-initial elementor-widget elementor-widget-text-editor\" data-id=\"d90aea0\" data-element_type=\"widget\" data-widget_type=\"text-editor.default\">\n\t\t\t\t<div class=\"elementor-widget-container\">\n\t\t\t\t\t\t\t\t\t<p>Ein einzigartiges Erlebnis f\u00fcr die f\u00fcnf Sinne. Die Bl\u00fctezeit der Obstb\u00e4ume f\u00e4rbt die Landschaft der Ribera d&#039;Ebre in Wei\u00df- und Rosat\u00f6nen. Es ist ein verg\u00e4ngliches Schauspiel, das Jahr f\u00fcr Jahr mehr Besucher in seinen Bann zieht, die von der Sch\u00f6nheit der Natur fasziniert in die Region Ebrense kommen.<\/p><p>Ziel ist es, eine einzigartige nat\u00fcrliche und chromatische Landschaft zu bewundern, die auch dazu beitr\u00e4gt, die landwirtschaftliche und gastronomische T\u00e4tigkeit der St\u00e4dte Asc\u00f3, Benissanet, Flix, Garcia, Ginestar, Miravet, M\u00f3ra la Nova, La Palma und Riba-roja d&#039; hervorzuheben. Ebre, Tivissa und die Serra d&#039;Almos sowie Vinebre.<\/p><p>\u201eWas den Besuch der Ribera d&#039;Ebre w\u00e4hrend der Bl\u00fctezeit so attraktiv macht, ist, dass es sich um einen einzigartigen Moment mit einer bestimmten Zeitspanne zwischen dem Ende des Winters und dem Beginn des Fr\u00fchlings handelt, der es einem erm\u00f6glicht, v\u00f6llig verg\u00e4ngliche Landschaften zu entdecken\u201c, sagt der Tourismusentwicklungstechnikerin des Regionalrats Ribera d&#039;Ebre, M\u00f2nica Sabat\u00e9 Cardona.<\/p><p>Normalerweise erstreckt sich die Bl\u00fctezeit \u00fcber die Monate Februar, M\u00e4rz und Anfang April, aber dieses Jahr f\u00e4llt dieses Geschenk der Natur aufgrund des Wetters der letzten Wochen aus. \u201eEine Bl\u00fcte im M\u00e4rz ist normal. \u201eUngew\u00f6hnlich waren in den letzten Jahren hingegen die hohen Temperaturen im Januar und Februar, die zu einer vorzeitigen Bl\u00fcte f\u00fchrten\u201c, erkl\u00e4rt M\u00f2nica Sabat\u00e9.<\/p><blockquote><h3 style=\"text-align: left;\"><em>Auf der Website <a href=\"http:\/\/www.turismeriberaebre.org\/proposta\/floracio-ribera-ebre\" target=\"_blank\" rel=\"noopener\">www.turismeriberaebre.org\/proposta\/floracio-ribera-ebre<\/a> Alle Informationen zu F\u00fchrungen finden Sie hier.<\/em><\/h3><\/blockquote><p>Obwohl wir in einigen Gegenden der Region in den letzten Tagen beginnen, dieses Portr\u00e4t der Nuancen mit dem Aufplatzen der Mandelbl\u00fcte zaghaft zu sch\u00e4tzen. Wenn dann die Tage vergehen und das sch\u00f6ne Wetter eintrifft, setzt sich die Bl\u00fcte der Pfirsichb\u00e4ume fort und schlie\u00dflich r\u00fccken die Kirschbl\u00fcten in den Vordergrund.<\/p><p>Aus diesem Grund hat der Tourismusbereich des Regionalrats Ribera d&#039;Ebre einen Katalog mit touristischen Erlebnissen erstellt, der von Spazierg\u00e4ngen durch bl\u00fchende Felder bis hin zu gastronomischen und weinbegleitenden Aktivit\u00e4ten sowie erg\u00e4nzenden Aktivit\u00e4ten reicht, die das Spektrum an Erlebnissen erweitern Literatur und Erbe.<\/p><p>\u201eDas Aktivit\u00e4tsprogramm erm\u00f6glicht es Ihnen, die Region zu entdecken und die bl\u00fchenden Felder in einem spektakul\u00e4ren Moment zu sehen und gleichzeitig das Erlebnis mit der Entdeckung des kulturellen Erbes und der Verkostung lokaler Produkte zu verbinden, das ist das Ziel.\u201c Besucher \u201e\u00dcber das Genie\u00dfen der Bl\u00fcte hinaus k\u00f6nnen sie das Erlebnis mit anderen erg\u00e4nzenden Vorschl\u00e4gen kombinieren\u201c, erkl\u00e4rt die Tourismusentwicklungstechnik des Regionalrats Ribera d&#039;Ebre.<\/p><p>Im vergangenen Jahr nahmen sch\u00e4tzungsweise mehr als tausend Menschen an den gef\u00fchrten Aktivit\u00e4ten teil, nach zwei atypischen Veranstaltungen aufgrund der Covid-Pandemie.<\/p><h2>Reiserouten mit dem Auto<\/h2><p>Eine andere M\u00f6glichkeit, die Bl\u00fcte zu genie\u00dfen, besteht darin, den Autofahrten zu folgen. In diesem Sinne k\u00f6nnen Sie \u00fcber die auf derselben Website verf\u00fcgbare digitale Karte die Stra\u00dfen und Wege anzeigen, die es Ihnen erm\u00f6glichen, die bl\u00fchende Landschaft der Region zu bewundern, sowie die Punkte, von denen aus Sie die besten Panoramablicke genie\u00dfen k\u00f6nnen. Es sollte daran erinnert werden, dass diejenigen, die sich entscheiden, die Bl\u00fcte auf eigene Faust zu besichtigen, die bl\u00fchenden Felder nicht betreten d\u00fcrfen, da es sich um Privatbesitz handelt und dass die B\u00e4ume und ihre Blumen respektiert werden m\u00fcssen.<\/p><p>Daher ist es ratsam, die Dienste von F\u00fchrungen in Anspruch zu nehmen und die Erfahrungen von #LaRiberaenFlor zu teilen.<\/p><p>\u201eDas Wesen der Bl\u00fcte besteht darin, die Baumfelder in ihrer Pracht zu sehen\u201c, kommentiert die Leiterin des Benissanet Information Punt, Rosa Mart\u00ednez. So warten sie ab, wie der nat\u00fcrliche Bl\u00fctezyklus voranschreitet, um aufs Land zu gehen und einen Spaziergang durch die Felder der Stadt Benissanet zu genie\u00dfen, ein Erlebnis, das auch einen Besuch der Font Gran-Schutzh\u00fctte und eine Pastisset-Verkostung beinhaltet.<\/p><p>Ziel ist es, eine einzigartige nat\u00fcrliche und chromatische Landschaft zu bewundern, die auch dazu beitr\u00e4gt, die landwirtschaftliche und gastronomische T\u00e4tigkeit der St\u00e4dte Asc\u00f3, Benissanet, Flix, Garcia, Ginestar, Miravet, M\u00f3ra la Nova, La Palma und Riba-roja d&#039; hervorzuheben. Ebre, Tivissa und die Serra d&#039;Almos sowie Vinebr.<\/p><p><br \/>Vicens Ayan (Tarvitur) seinerseits kommentiert: \u201eWir schlagen vor, den neuen Jahreszyklus der Natur, den Fr\u00fchling, zu genie\u00dfen, wenn die Obstb\u00e4ume bl\u00fchen.\u201c Aus diesem Grund, f\u00fcgt er hinzu, \u201ewerden bei den Besuchen auch die Landwirtschaft, der Anbauprozess, Sorten usw. beleuchtet.\u201c All dies, ohne die Verbindung des Territoriums mit der Schlacht von l&#039;Ebre und die Orographie des durch den Fluss Ebre strukturierten Raums zu vergessen.<\/p><p>Gleichzeitig ist die au\u00dfergew\u00f6hnliche Sch\u00f6nheit der bl\u00fchenden Felder eine Inspirationsquelle f\u00fcr den Dichter und Romancier Vicen\u00e7 Llorca, der an diesem Samstag den ganzen Tag \u00fcber einen Tag des kreativen Schreibens in Vinebre anbieten wird.<\/p><p>In jedem Fall kann der Katalog der gef\u00fchrten Aktivit\u00e4ten und erg\u00e4nzenden Erlebnisse auf der Website von Turisme Ribera d&#039;Ebre eingesehen werden (<a href=\"http:\/\/www.turismeriberaebre.org\/proposta\/floracio-ribera-ebre\" target=\"_blank\" rel=\"noopener\">www.turismeriberaebre.org\/proposta\/floracio-ribera-ebre<\/a>). Die Informationen werden jedoch aktualisiert, wenn die Landschaft der Ribera d&#039;Ebre wei\u00df und rosa wird.<\/p>\t\t\t\t\t\t\t\t<\/div>\n\t\t\t\t<\/div>\n\t\t\t\t\t<\/div>\n\t\t<\/div>\n\t\t\t\t\t<\/div>\n\t\t<\/section>\n\t\t\t\t<\/div>","protected":false},"excerpt":{"rendered":"<p>Ein einzigartiges Erlebnis f\u00fcr die f\u00fcnf Sinne. Die Bl\u00fctezeit der Obstb\u00e4ume f\u00e4rbt die Landschaft der Ribera d&#039;Ebre in Wei\u00df- und Rosat\u00f6nen. Es ist ein verg\u00e4ngliches Schauspiel, das Jahr f\u00fcr Jahr mehr Besucher in den Bann zieht, die, fasziniert von der Sch\u00f6nheit der Natur, in die Region Ebrense kommen. Das Ziel [\u2026]<\/p>","protected":false},"author":6,"featured_media":1572,"comment_status":"open","ping_status":"open","sticky":false,"template":"","format":"standard","meta":{"footnotes":""},"categories":[1],"tags":[],"class_list":["post-1560","post","type-post","status-publish","format-standard","has-post-thumbnail","hentry","category-floracion-en-espana"],"_links":{"self":[{"href":"https:\/\/floracion.es\/de\/wp-json\/wp\/v2\/posts\/1560","targetHints":{"allow":["GET"]}}],"collection":[{"href":"https:\/\/floracion.es\/de\/wp-json\/wp\/v2\/posts"}],"about":[{"href":"https:\/\/floracion.es\/de\/wp-json\/wp\/v2\/types\/post"}],"author":[{"embeddable":true,"href":"https:\/\/floracion.es\/de\/wp-json\/wp\/v2\/users\/6"}],"replies":[{"embeddable":true,"href":"https:\/\/floracion.es\/de\/wp-json\/wp\/v2\/comments?post=1560"}],"version-history":[{"count":10,"href":"https:\/\/floracion.es\/de\/wp-json\/wp\/v2\/posts\/1560\/revisions"}],"predecessor-version":[{"id":1573,"href":"https:\/\/floracion.es\/de\/wp-json\/wp\/v2\/posts\/1560\/revisions\/1573"}],"wp:featuredmedia":[{"embeddable":true,"href":"https:\/\/floracion.es\/de\/wp-json\/wp\/v2\/media\/1572"}],"wp:attachment":[{"href":"https:\/\/floracion.es\/de\/wp-json\/wp\/v2\/media?parent=1560"}],"wp:term":[{"taxonomy":"category","embeddable":true,"href":"https:\/\/floracion.es\/de\/wp-json\/wp\/v2\/categories?post=1560"},{"taxonomy":"post_tag","embeddable":true,"href":"https:\/\/floracion.es\/de\/wp-json\/wp\/v2\/tags?post=1560"}],"curies":[{"name":"wp","href":"https:\/\/api.w.org\/{rel}","templated":true}]}}