{"id":1468,"date":"2023-03-07T11:21:00","date_gmt":"2023-03-07T10:21:00","guid":{"rendered":"https:\/\/floracion.es\/?p=1468"},"modified":"2023-11-27T14:06:21","modified_gmt":"2023-11-27T13:06:21","slug":"la-fregeneda-recupera-el-dia-del-almendro-con-la-potenciacion-de-los-recursos-de-la-zona","status":"publish","type":"post","link":"https:\/\/floracion.es\/de\/la-fregeneda-belebt-den-mandeltag-wieder-indem-es-die-ressourcen-der-region-aufwertet\/","title":{"rendered":"La Fregeneda belebt den Tag des Mandelbaums mit der Verbesserung der Ressourcen der Region"},"content":{"rendered":"<div data-elementor-type=\"wp-post\" data-elementor-id=\"1468\" class=\"elementor elementor-1468\" data-elementor-post-type=\"post\">\n\t\t\t\t\t\t<section data-particle_enable=\"false\" data-particle-mobile-disabled=\"false\" class=\"elementor-section elementor-top-section elementor-element elementor-element-ee88862 elementor-section-boxed elementor-section-height-default elementor-section-height-default\" data-id=\"ee88862\" data-element_type=\"section\" data-settings=\"{&quot;jet_parallax_layout_list&quot;:[]}\">\n\t\t\t\t\t\t<div class=\"elementor-container elementor-column-gap-default\">\n\t\t\t\t\t<div class=\"elementor-column elementor-col-100 elementor-top-column elementor-element elementor-element-7a8d37b\" data-id=\"7a8d37b\" data-element_type=\"column\">\n\t\t\t<div class=\"elementor-widget-wrap elementor-element-populated\">\n\t\t\t\t\t\t<div class=\"elementor-element elementor-element-2b31c77 elementor-widget elementor-widget-text-editor\" data-id=\"2b31c77\" data-element_type=\"widget\" data-widget_type=\"text-editor.default\">\n\t\t\t\t<div class=\"elementor-widget-container\">\n\t\t\t\t\t\t\t\t\t<blockquote><h2>Die II. \u00d6ko-Naturmesse und der Preistr\u00e4ger \u00c1ngel Santano waren die Protagonisten des Festtags.<\/h2><\/blockquote><p dir=\"ltr\" style=\"line-height: 1.38; margin-top: 0pt; margin-bottom: 0pt;\">\u00a0<\/p>\t\t\t\t\t\t\t\t<\/div>\n\t\t\t\t<\/div>\n\t\t\t\t<div class=\"elementor-element elementor-element-3512ebd elementor-widget elementor-widget-text-editor\" data-id=\"3512ebd\" data-element_type=\"widget\" data-widget_type=\"text-editor.default\">\n\t\t\t\t<div class=\"elementor-widget-container\">\n\t\t\t\t\t\t\t\t\t<p>Die 59. Ausgabe des Mandelbaumfestivals in La Fregeneda an diesem Sonntag hatte drei Protagonisten: die Erinnerung an \u00c1ngel Santano Juanes, lokalen Lehrer und Dichter der Mandelbl\u00fcten, der k\u00fcrzlich verstorben ist; an den Prediger dieser Ausgabe, Justo Manzano Rodr\u00edguez, Asturier, aber mit Fregene-Wurzeln; und der unaufh\u00f6rliche Regen den ganzen Morgen begleitet von K\u00e4lte, was in La Fregeneda nicht sehr h\u00e4ufig vorkommt.<\/p><p>Auf diese Weise entstand in La Fregeneda eine weitere Ausgabe der Verherrlichung des Mandelbaums, ein Tag, an dem auch die II. EcoNatutal-Messe mit etwa drei\u00dfig Ausstellern stattfand, unter denen es an Arribes-K\u00e4se, Weinen und Lik\u00f6ren sowie \u00d6l nicht mangelte , Wurst, S\u00fc\u00dfigkeiten und Kunsthandwerk.<\/p>\t\t\t\t\t\t\t\t<\/div>\n\t\t\t\t<\/div>\n\t\t\t\t\t<\/div>\n\t\t<\/div>\n\t\t\t\t\t<\/div>\n\t\t<\/section>\n\t\t\t\t<section data-particle_enable=\"false\" data-particle-mobile-disabled=\"false\" class=\"elementor-section elementor-top-section elementor-element elementor-element-ca7440a elementor-section-boxed elementor-section-height-default elementor-section-height-default\" data-id=\"ca7440a\" data-element_type=\"section\" data-settings=\"{&quot;jet_parallax_layout_list&quot;:[]}\">\n\t\t\t\t\t\t<div class=\"elementor-container elementor-column-gap-default\">\n\t\t\t\t\t<div class=\"elementor-column elementor-col-100 elementor-top-column elementor-element elementor-element-d31b927\" data-id=\"d31b927\" data-element_type=\"column\">\n\t\t\t<div class=\"elementor-widget-wrap elementor-element-populated\">\n\t\t\t\t\t\t<div class=\"elementor-element elementor-element-79252a8 elementor-widget elementor-widget-text-editor\" data-id=\"79252a8\" data-element_type=\"widget\" data-widget_type=\"text-editor.default\">\n\t\t\t\t<div class=\"elementor-widget-container\">\n\t\t\t\t\t\t\t\t\t<p>Die 59. Ausgabe des Mandelbaumfestivals in La Fregeneda an diesem Sonntag hatte drei Protagonisten: die Erinnerung an \u00c1ngel Santano Juanes, lokalen Lehrer und Dichter der Mandelbl\u00fcten, der k\u00fcrzlich verstorben ist; an den Prediger dieser Ausgabe, Justo Manzano Rodr\u00edguez, Asturier, aber mit Fregene-Wurzeln; und der unaufh\u00f6rliche Regen den ganzen Morgen begleitet von K\u00e4lte, was in La Fregeneda nicht sehr h\u00e4ufig vorkommt.<\/p><p>Auf diese Weise entstand in La Fregeneda eine weitere Ausgabe der Verherrlichung des Mandelbaums, ein Tag, an dem auch die II. EcoNatutal-Messe mit etwa drei\u00dfig Ausstellern stattfand, unter denen es an Arribes-K\u00e4se, Weinen und Lik\u00f6ren sowie \u00d6l nicht mangelte , Wurst, S\u00fc\u00dfigkeiten und Kunsthandwerk.<\/p>\t\t\t\t\t\t\t\t<\/div>\n\t\t\t\t<\/div>\n\t\t\t\t\t<\/div>\n\t\t<\/div>\n\t\t\t\t\t<\/div>\n\t\t<\/section>\n\t\t<div data-particle_enable=\"false\" data-particle-mobile-disabled=\"false\" class=\"elementor-element elementor-element-967e737 e-flex e-con-boxed e-con e-parent\" data-id=\"967e737\" data-element_type=\"container\" data-settings=\"{&quot;jet_parallax_layout_list&quot;:[]}\">\n\t\t\t\t\t<div class=\"e-con-inner\">\n\t\t\t\t<div class=\"elementor-element elementor-element-bad0dc3 elementor-widget elementor-widget-text-editor\" data-id=\"bad0dc3\" data-element_type=\"widget\" data-widget_type=\"text-editor.default\">\n\t\t\t\t<div class=\"elementor-widget-container\">\n\t\t\t\t\t\t\t\t\t<p>Nach der symbolischen Pflanzung eines Mandelbaums auf der Plaza de La Fregeneda, einem Moment, an dem der Pr\u00e4sident des Provinzrates, Javier Iglesias, teilnahm; der Unterdelegierte der Regierung, Encarnaci\u00f3n P\u00e9rez; Der Pr\u00e4sident der Kammer von Figueira de Castelo Rodrigo, Carlos Condesso, und der B\u00fcrgermeister von La Fregeneda, Manuel Alonso, wandten sich zus\u00e4tzlich zum Stadtausrufer an die Intervention des Stadtausrufers Justo Manzano, der ihm nicht nur Tribut zollte Als \u00c1ngel Santano Juanes einige seiner Verse las, erinnerte er sich an seine Ferien als Kind in La Fregeneda, an seine Ankunft mit dem Auto vom Bahnhof Valdegonera, der Stadt, in der sein Vater geboren wurde, bevor er dorthin zog Asturien (siehe vollst\u00e4ndige Proklamation im Video).<\/p><p>Nach seiner Intervention \u00fcberreichte ihm der B\u00fcrgermeister der Stadt als Ausrufer des Almendro-Festes eine Gedenktafel zur Erinnerung an diesen Tag, um mit der \u00dcbergabe einer Steintafel an den Sohn von \u00c1ngel Santano fortzufahren.<\/p><p>Im Rahmen der Redebeitr\u00e4ge dankte der B\u00fcrgermeister zun\u00e4chst allen Beh\u00f6rden f\u00fcr ihre Anwesenheit bei dieser Neuauflage des Almendro-Festivals, darunter dem Oberstchef des Luftwaffenst\u00fctzpunkts Matac\u00e1n, dem Oberstleutnant der Guardia Civil von Salamanca, der stellvertretende Oberst der Verteidigung in Salamanca, die PSOE-Anw\u00e4ltin Rosa Rubio und mehrere Provinzabgeordnete, sowohl aus dem Regierungsteam als auch aus den sozialistischen und Cs-Gruppen, zus\u00e4tzlich zu der Nr. ernannt und B\u00fcrgermeister von Hinojosa.<\/p><p>Javier Iglesias seinerseits beschrieb es als \u201eEhre\u201c, La Fregeneda bei seiner dem Mandelbaum gewidmeten Party beizuwohnen, vor allem aber \u201evon den entfernten B\u00fcros in Salamanca aus zu arbeiten, damit La Fregeneda und Las Arribes del Duero eine Zukunft haben.\u201c .\u201c Ebenso hob Encarnaci\u00f3n P\u00e9rez die Arbeit hervor, die gemeinsam mit Portugal zum Schutz der l\u00e4ndlichen Umwelt durchgef\u00fchrt wird, um das Problem der Entv\u00f6lkerung zu stoppen, das beide Seiten von La Raya betrifft (Video der Interventionen).<\/p><p>Andererseits nahmen trotz des Regens ein Dutzend K\u00fcnstler am von Adezos in Zusammenarbeit mit der Stadtverwaltung gef\u00f6rderten Outdoor-Handwerkswettbewerb \u201eAlmendros Vivos\u201c teil, bei dem die asturische Montserrat Valera als Siegerin hervorging. Der zweite Preis ging an Juan Francisco Huidobro Mateos aus Salamanca und der dritte an Diego Manuel Fern\u00e1ndez Gonz\u00e1lez aus Gij\u00f3n.<\/p>\t\t\t\t\t\t\t\t<\/div>\n\t\t\t\t<\/div>\n\t\t\t\t\t<\/div>\n\t\t\t\t<\/div>\n\t\t<div data-particle_enable=\"false\" data-particle-mobile-disabled=\"false\" class=\"elementor-element elementor-element-86d7af3 e-flex e-con-boxed e-con e-parent\" data-id=\"86d7af3\" data-element_type=\"container\" data-settings=\"{&quot;jet_parallax_layout_list&quot;:[]}\">\n\t\t\t\t\t<div class=\"e-con-inner\">\n\t\t\t\t\t<\/div>\n\t\t\t\t<\/div>\n\t\t<div data-particle_enable=\"false\" data-particle-mobile-disabled=\"false\" class=\"elementor-element elementor-element-bc8a89f e-flex e-con-boxed e-con e-parent\" data-id=\"bc8a89f\" data-element_type=\"container\" data-settings=\"{&quot;jet_parallax_layout_list&quot;:[]}\">\n\t\t\t\t\t<div class=\"e-con-inner\">\n\t\t\t\t<div class=\"elementor-element elementor-element-69bae50 elementor-widget elementor-widget-image\" data-id=\"69bae50\" data-element_type=\"widget\" data-widget_type=\"image.default\">\n\t\t\t\t<div class=\"elementor-widget-container\">\n\t\t\t\t\t\t\t\t\t\t\t\t\t\t\t<img fetchpriority=\"high\" decoding=\"async\" width=\"800\" height=\"492\" src=\"https:\/\/floracion.es\/wp-content\/uploads\/2023\/03\/IMG_2162_230305181609-e1701090243999.jpg\" class=\"attachment-large size-large wp-image-1817\" alt=\"\" srcset=\"https:\/\/floracion.es\/wp-content\/uploads\/2023\/03\/IMG_2162_230305181609-e1701090243999.jpg 800w, https:\/\/floracion.es\/wp-content\/uploads\/2023\/03\/IMG_2162_230305181609-e1701090243999-300x185.jpg 300w, https:\/\/floracion.es\/wp-content\/uploads\/2023\/03\/IMG_2162_230305181609-e1701090243999-768x472.jpg 768w\" sizes=\"(max-width: 800px) 100vw, 800px\" \/>\t\t\t\t\t\t\t\t\t\t\t\t\t\t\t<\/div>\n\t\t\t\t<\/div>\n\t\t\t\t\t<\/div>\n\t\t\t\t<\/div>\n\t\t\t\t<\/div>","protected":false},"excerpt":{"rendered":"<p>Die 2. \u00d6ko-Naturmesse und der Preistr\u00e4ger \u00c1ngel Santano waren die Stars des Festtages.  Die 59. Ausgabe des Mandelfestes in La Fregeneda hatte an diesem Sonntag drei Protagonisten: die Erinnerung an \u00c1ngel Santano Juanes, einen k\u00fcrzlich verstorbenen Lehrer aus der Stadt und Dichter der bl\u00fchenden Mandelb\u00e4ume; an den Stadtausrufer von [\u2026]<\/p>","protected":false},"author":6,"featured_media":1469,"comment_status":"open","ping_status":"open","sticky":false,"template":"","format":"standard","meta":{"footnotes":""},"categories":[1],"tags":[],"class_list":["post-1468","post","type-post","status-publish","format-standard","has-post-thumbnail","hentry","category-floracion-en-espana"],"_links":{"self":[{"href":"https:\/\/floracion.es\/de\/wp-json\/wp\/v2\/posts\/1468","targetHints":{"allow":["GET"]}}],"collection":[{"href":"https:\/\/floracion.es\/de\/wp-json\/wp\/v2\/posts"}],"about":[{"href":"https:\/\/floracion.es\/de\/wp-json\/wp\/v2\/types\/post"}],"author":[{"embeddable":true,"href":"https:\/\/floracion.es\/de\/wp-json\/wp\/v2\/users\/6"}],"replies":[{"embeddable":true,"href":"https:\/\/floracion.es\/de\/wp-json\/wp\/v2\/comments?post=1468"}],"version-history":[{"count":7,"href":"https:\/\/floracion.es\/de\/wp-json\/wp\/v2\/posts\/1468\/revisions"}],"predecessor-version":[{"id":1820,"href":"https:\/\/floracion.es\/de\/wp-json\/wp\/v2\/posts\/1468\/revisions\/1820"}],"wp:featuredmedia":[{"embeddable":true,"href":"https:\/\/floracion.es\/de\/wp-json\/wp\/v2\/media\/1469"}],"wp:attachment":[{"href":"https:\/\/floracion.es\/de\/wp-json\/wp\/v2\/media?parent=1468"}],"wp:term":[{"taxonomy":"category","embeddable":true,"href":"https:\/\/floracion.es\/de\/wp-json\/wp\/v2\/categories?post=1468"},{"taxonomy":"post_tag","embeddable":true,"href":"https:\/\/floracion.es\/de\/wp-json\/wp\/v2\/tags?post=1468"}],"curies":[{"name":"wp","href":"https:\/\/api.w.org\/{rel}","templated":true}]}}